{"id":10064,"date":"2011-08-18T15:43:48","date_gmt":"2011-08-18T14:43:48","guid":{"rendered":"http:\/\/www.bohnenzeitung.com\/?p=10064"},"modified":"2011-08-18T19:32:30","modified_gmt":"2011-08-18T18:32:30","slug":"wann-stirbst-du-endlich-feuerlilie","status":"publish","type":"post","link":"https:\/\/www.bohnenzeitung.com\/wp\/wann-stirbst-du-endlich-feuerlilie\/","title":{"rendered":"Wann stirbst du endlich? &#8211; Gedankensplitter"},"content":{"rendered":"<p>Konrad.<br \/>\nStieg in seinen Wagen.<br \/>\nGurtete sich an.<br \/>\nUnd fuhr in die Arbeit.<br \/>\nDer Wagen quietschte.<br \/>\nUnd neue Bremsbelege.<br \/>\nW\u00e4ren auch n\u00f6tig\u2026!<br \/>\nBesser noch!<br \/>\nGleich ein neuer Wagen!<br \/>\nDer hier\u2026<br \/>\nTaugte nicht mehr viel.<br \/>\nWar das Geld nicht wert.<br \/>\nDas er reinsteckte.<br \/>\nIn regelm\u00e4\u00dfigen Abst\u00e4nden\u2026<br \/>\nKonrad.<br \/>\nEr stieg auf\u2019s Gas.<br \/>\nFast aggressiv.<br \/>\nDabei.<br \/>\nHatte er es nicht eilig.<br \/>\nGar nicht.<br \/>\nEr war immer viel zu fr\u00fch dran.<br \/>\nAuf dem Weg zur Arbeit.<br \/>\nAber sein Frust.<br \/>\nEr dauerte schon Monate.<br \/>\nUnd seiner Frau.<br \/>\nEdith.<br \/>\nIhr ging es nicht anders.<br \/>\nIrgendwann\u2026<br \/>\nWar es zu viel.<br \/>\nVerdammt!<br \/>\nWarum?<br \/>\nKonnte er nicht sterben?<br \/>\nDer alte Mann?<\/p>\n<p>Gro\u00dfonkel Ewald.<br \/>\n\u00dcber 80 Jahre alt.<br \/>\nKinderlos.<br \/>\nVerwitwet.<br \/>\nBesa\u00df eine kleine Landvilla.<br \/>\nUnd ein kleines Verm\u00f6gen.<br \/>\nGeerbt.<br \/>\nVon seiner Frau.<br \/>\nRosina\u2026<br \/>\nKonrad ging zur Firma.<br \/>\nSperrte auf.<br \/>\nEr war immer der erste.<br \/>\nPflichterf\u00fcllt.<br \/>\nVerl\u00e4sslich.<br \/>\nEr und seine Frau.<br \/>\nSie hatten immer gewusst.<br \/>\nDass sie erben w\u00fcrden.<br \/>\nNach Onkel Ewalds Tod.<br \/>\nAls einzige Verwandte\u2026<br \/>\nEin paar Sparb\u00fccher.<br \/>\nMit sehr nettem Guthaben.<br \/>\nUnd die Landvilla\u2026<br \/>\nEdith.<br \/>\nSie war ganz verliebt in die Landvilla!<br \/>\n<em>Und stell dir vor!<\/em><br \/>\n<em> Wir w\u00fcrden so nobel wohnen.<\/em><br \/>\n<em> Auf Urlaub k\u00f6nnten wir auch fahren\u2026<\/em><\/p>\n<p>Konrad r\u00e4usperte sich.<br \/>\nBesorgte sich einen Automatenkaffee.<br \/>\nSie beide hatten Pl\u00e4ne geschmiedet.<br \/>\nSchon seit Jahren.<br \/>\nWas sie einmal tun w\u00fcrden.<br \/>\nMit Onkel Ewalds Verm\u00f6gen.<br \/>\nWenn es nur erst ihres w\u00e4re\u2026!<br \/>\nBesonders vor einem dreiviertel Jahr.<br \/>\nOnkel Ewald war gest\u00fcrzt.<br \/>\nSchlug sich den Kopf an.<br \/>\nGehirnersch\u00fctterung.<br \/>\nBrach sich einen Arm\u2026<br \/>\nAber Onkel Ewald.<br \/>\nEr erholte sich gut.<br \/>\nViel zu gut.<br \/>\nFast wieder der Alte!<br \/>\nEin Schlag ins Gesicht!<br \/>\nIn den ersten Tagen.<br \/>\nNach dem Unfall.<br \/>\nWar noch unklar gewesen.<br \/>\nOb er v\u00f6llig genesen w\u00fcrde\u2026<br \/>\nKonrad warf den Becher weg.<br \/>\nKurze Hoffnung!<br \/>\nOnkel Ewald.<br \/>\nEr war z\u00e4h.<br \/>\nUnd\u2026<br \/>\nEr konnte noch Jahre leben!<br \/>\nHatte der Spitalsarzt berichtet.<br \/>\nIm Gespr\u00e4ch\u2026<br \/>\nJahre!<\/p>\n<p>Vivienne\/Gedankensplitter<\/p>\n","protected":false},"excerpt":{"rendered":"<p>Konrad. Stieg in seinen Wagen. Gurtete sich an. Und fuhr in die Arbeit. Der Wagen quietschte. Und neue Bremsbelege. W&auml;ren &#8230; <\/p>\n<p class=\"read-more-container\"><a title=\"Wann stirbst du endlich? &#8211; Gedankensplitter\" class=\"read-more button\" href=\"https:\/\/www.bohnenzeitung.com\/wp\/wann-stirbst-du-endlich-feuerlilie\/#more-10064\" aria-label=\"Mehr Informationen \u00fcber Wann stirbst du endlich? &#8211; Gedankensplitter\">Weiter<\/a><\/p>\n","protected":false},"author":1,"featured_media":28639,"comment_status":"open","ping_status":"open","sticky":false,"template":"","format":"standard","meta":{"footnotes":""},"categories":[48],"tags":[],"class_list":["post-10064","post","type-post","status-publish","format-standard","has-post-thumbnail","hentry","category-gedankensplitter","generate-columns","tablet-grid-50","mobile-grid-100","grid-parent","grid-50","resize-featured-image"],"post_mailing_queue_ids":[],"_links":{"self":[{"href":"https:\/\/www.bohnenzeitung.com\/wp\/wp-json\/wp\/v2\/posts\/10064","targetHints":{"allow":["GET"]}}],"collection":[{"href":"https:\/\/www.bohnenzeitung.com\/wp\/wp-json\/wp\/v2\/posts"}],"about":[{"href":"https:\/\/www.bohnenzeitung.com\/wp\/wp-json\/wp\/v2\/types\/post"}],"author":[{"embeddable":true,"href":"https:\/\/www.bohnenzeitung.com\/wp\/wp-json\/wp\/v2\/users\/1"}],"replies":[{"embeddable":true,"href":"https:\/\/www.bohnenzeitung.com\/wp\/wp-json\/wp\/v2\/comments?post=10064"}],"version-history":[{"count":0,"href":"https:\/\/www.bohnenzeitung.com\/wp\/wp-json\/wp\/v2\/posts\/10064\/revisions"}],"wp:featuredmedia":[{"embeddable":true,"href":"https:\/\/www.bohnenzeitung.com\/wp\/wp-json\/wp\/v2\/media\/28639"}],"wp:attachment":[{"href":"https:\/\/www.bohnenzeitung.com\/wp\/wp-json\/wp\/v2\/media?parent=10064"}],"wp:term":[{"taxonomy":"category","embeddable":true,"href":"https:\/\/www.bohnenzeitung.com\/wp\/wp-json\/wp\/v2\/categories?post=10064"},{"taxonomy":"post_tag","embeddable":true,"href":"https:\/\/www.bohnenzeitung.com\/wp\/wp-json\/wp\/v2\/tags?post=10064"}],"curies":[{"name":"wp","href":"https:\/\/api.w.org\/{rel}","templated":true}]}}