{"id":10148,"date":"2011-09-04T11:58:02","date_gmt":"2011-09-04T10:58:02","guid":{"rendered":"http:\/\/www.bohnenzeitung.com\/?p=10148"},"modified":"2011-09-04T11:58:02","modified_gmt":"2011-09-04T10:58:02","slug":"die-luge-feuerlilie","status":"publish","type":"post","link":"https:\/\/www.bohnenzeitung.com\/wp\/die-luge-feuerlilie\/","title":{"rendered":"Die L\u00fcge &#8211; Gedankensplitter"},"content":{"rendered":"<p>Horst r\u00fchrte im M\u00fcsli.<br \/>\nAlice hatte kein Wort gesagt.<br \/>\nSeit sie aufgestanden war.<br \/>\nDie Kaffeekanne.<br \/>\nSie stand auf dem Tisch.<br \/>\nDas K\u00f6rbchen mit dem Geb\u00e4ck.<br \/>\nEin wenig Schinken.<br \/>\nButter.<br \/>\nMarmelade.<br \/>\nSelber.<br \/>\nHatte sie schon gefr\u00fchst\u00fcckt.<br \/>\nEin halbes Semmerl.<br \/>\nLag noch auf dem Teller.<br \/>\nHorst griff nach der Zeitung.<br \/>\nBl\u00e4tterte\u2026<br \/>\nEr r\u00e4usperte.<br \/>\n<em> Diese Politiker.<\/em><br \/>\n<em> Einfach nur korrupt.<\/em><br \/>\n<em> Findest du nicht?<\/em><br \/>\nSchweigen von Alice.<br \/>\nEr fixierte ihren R\u00fccken.<br \/>\nAber sie drehte sich nicht um.<br \/>\nR\u00e4umte den Geschirrsp\u00fcler voll.<br \/>\nHorst stand auf.<br \/>\n<em> Verdammt, Alice.<\/em><br \/>\n<em> Es tut mir Leid.<\/em><br \/>\n<em> Und\u2026<\/em><br \/>\n<em> Es ist passiert.<\/em><br \/>\n<em> Bevor wir uns trafen.<\/em><br \/>\n<em> Und eine Beziehung eingingen.<\/em><br \/>\n<em> Ich kann es nicht \u00e4ndern\u2026<\/em><\/p>\n<p>Alice drehte sich um.<br \/>\nSie sah verbittert aus.<br \/>\n<em> Ach ja?<\/em><br \/>\n<em> Und sag mir doch\u2026<\/em><br \/>\n<em> Wie lange wei\u00dft du davon?<\/em><br \/>\n<em> Wie lange?<\/em><br \/>\nSie trat zum Tisch.<br \/>\n<em> Auch Schweigen.<\/em><br \/>\n<em> Ist eine L\u00fcge.<\/em><br \/>\n<em> Du wusstest es.<\/em><br \/>\n<em> Die ganze Zeit.<\/em><br \/>\n<em> Und du hast geschwiegen.<\/em><br \/>\n<em> Mich dumm sterben lassen.<\/em><br \/>\nSie hob ihre Stimme.<br \/>\n<em> Und das \u00c4rgste.<\/em><br \/>\n<em> Alle wussten es.<\/em><br \/>\n<em> Alle.<\/em><br \/>\n<em> Au\u00dfer mir.<\/em><br \/>\n<em> Wenn sich nicht deine Schwester.<\/em><br \/>\n<em> Verplappert h\u00e4tte.<\/em><br \/>\n<em> Neulich.<\/em><br \/>\n<em> W\u00fcsste ich es heute noch nicht!<\/em><br \/>\n<em> Und du meinst.<\/em><br \/>\n<em> Alles ist gut.<\/em><br \/>\n<em> Wenn du sagst.<\/em><br \/>\n<em> Es tut dir Leid?<\/em><\/p>\n<p>Horst sah sie an.<br \/>\nLange.<br \/>\n<em> Du redest immer nur von dir!<\/em><br \/>\n<em> Dass du verletzt bist!<\/em><br \/>\n<em> Dass ich ein L\u00fcgner bin.<\/em><br \/>\n<em> Seit Jahren.<\/em><br \/>\n<em> Aber wei\u00dft du?<\/em><br \/>\n<em> Wie schwer es war f\u00fcr mich?<\/em><br \/>\n<em> Dass ich nie?<\/em><br \/>\n<em> Zu meinem Kind stehen konnte?<\/em><br \/>\n<em> Das ich?<\/em><br \/>\n<em> Mit meiner Jugendliebe hatte?<\/em><br \/>\n<em> Dass ich es dir verschwiegen habe?<\/em><br \/>\n<em> Weil ich Angst hatte?<\/em><br \/>\n<em> Angst?<\/em><br \/>\n<em> Dich zu verlieren?<\/em><br \/>\nAlice wandte sich ab.<br \/>\nTr\u00e4nen in den Augen.<br \/>\nSie ging hinaus\u2026<br \/>\nHorst st\u00f6hnte.<br \/>\nSo ging das.<br \/>\nSeit letzter Woche.<br \/>\nSeit seiner Schwester.<br \/>\nDas Geheimnis entschl\u00fcpft war.<br \/>\nJa.<br \/>\nEr hatte vier Kinder.<br \/>\nDrei mit Alice.<br \/>\nUnd einen erwachsenen Sohn.<br \/>\nMit einer alten Liebe.<br \/>\nWar das so furchtbar?<br \/>\nDass ihre Ehe?<br \/>\nZu Bruch gehen musste?<\/p>\n<p>Vivienne\/Gedankensplitter<\/p>\n","protected":false},"excerpt":{"rendered":"<p>Horst r&uuml;hrte im M&uuml;sli. Alice hatte kein Wort gesagt. Seit sie aufgestanden war. Die Kaffeekanne. Sie stand auf dem Tisch. &#8230; <\/p>\n<p class=\"read-more-container\"><a title=\"Die L\u00fcge &#8211; Gedankensplitter\" class=\"read-more button\" href=\"https:\/\/www.bohnenzeitung.com\/wp\/die-luge-feuerlilie\/#more-10148\" aria-label=\"Mehr Informationen \u00fcber Die L\u00fcge &#8211; Gedankensplitter\">Weiter<\/a><\/p>\n","protected":false},"author":1,"featured_media":28639,"comment_status":"open","ping_status":"open","sticky":false,"template":"","format":"standard","meta":{"footnotes":""},"categories":[48],"tags":[],"class_list":["post-10148","post","type-post","status-publish","format-standard","has-post-thumbnail","hentry","category-gedankensplitter","generate-columns","tablet-grid-50","mobile-grid-100","grid-parent","grid-50","resize-featured-image"],"post_mailing_queue_ids":[],"_links":{"self":[{"href":"https:\/\/www.bohnenzeitung.com\/wp\/wp-json\/wp\/v2\/posts\/10148","targetHints":{"allow":["GET"]}}],"collection":[{"href":"https:\/\/www.bohnenzeitung.com\/wp\/wp-json\/wp\/v2\/posts"}],"about":[{"href":"https:\/\/www.bohnenzeitung.com\/wp\/wp-json\/wp\/v2\/types\/post"}],"author":[{"embeddable":true,"href":"https:\/\/www.bohnenzeitung.com\/wp\/wp-json\/wp\/v2\/users\/1"}],"replies":[{"embeddable":true,"href":"https:\/\/www.bohnenzeitung.com\/wp\/wp-json\/wp\/v2\/comments?post=10148"}],"version-history":[{"count":0,"href":"https:\/\/www.bohnenzeitung.com\/wp\/wp-json\/wp\/v2\/posts\/10148\/revisions"}],"wp:featuredmedia":[{"embeddable":true,"href":"https:\/\/www.bohnenzeitung.com\/wp\/wp-json\/wp\/v2\/media\/28639"}],"wp:attachment":[{"href":"https:\/\/www.bohnenzeitung.com\/wp\/wp-json\/wp\/v2\/media?parent=10148"}],"wp:term":[{"taxonomy":"category","embeddable":true,"href":"https:\/\/www.bohnenzeitung.com\/wp\/wp-json\/wp\/v2\/categories?post=10148"},{"taxonomy":"post_tag","embeddable":true,"href":"https:\/\/www.bohnenzeitung.com\/wp\/wp-json\/wp\/v2\/tags?post=10148"}],"curies":[{"name":"wp","href":"https:\/\/api.w.org\/{rel}","templated":true}]}}