{"id":10193,"date":"2011-09-15T13:13:29","date_gmt":"2011-09-15T12:13:29","guid":{"rendered":"http:\/\/www.bohnenzeitung.com\/?p=10193"},"modified":"2011-09-15T13:13:29","modified_gmt":"2011-09-15T12:13:29","slug":"ein-neues-leben-feuerlilie","status":"publish","type":"post","link":"https:\/\/www.bohnenzeitung.com\/wp\/ein-neues-leben-feuerlilie\/","title":{"rendered":"Ein neues Leben &#8211; Gedankensplitter"},"content":{"rendered":"<p>Daniel g\u00e4hnte.<br \/>\nEr stand auf.<br \/>\nLegte die Zeitung.<br \/>\nAuf den Couchtisch.<br \/>\nEr f\u00fchlte sich gut.<br \/>\nMorgen.<br \/>\nErster Arbeitstag.<br \/>\nNach \u00fcber einem Jahr\u2026<br \/>\nEr war nerv\u00f6s.<br \/>\nEin wenig.<br \/>\nSchon klar.<br \/>\nEr w\u00fcrde keine B\u00e4ume ausrei\u00dfen.<br \/>\nAm ersten Tag.<br \/>\nAlle.<br \/>\nW\u00fcrden das verstehen.<br \/>\nAlle\u2026<br \/>\nDaniel ging in die K\u00fcche.<br \/>\nMachte das Essen warm.<br \/>\nIn der Mikrowelle.<br \/>\nSandra.<br \/>\nSeine Frau.<br \/>\nSie w\u00fcrde heimkommen.<br \/>\nIn ein paar Minuten.<br \/>\nSie w\u00fcrden Abend essen.<br \/>\nUnd Sandra.<br \/>\nW\u00fcrde vom Arbeitstag erz\u00e4hlen\u2026<\/p>\n<p>Er horchte hinaus.<br \/>\nOb er ihr Auto h\u00f6rte.<br \/>\nUnd dann fiel ihm ein.<br \/>\nWieder.<br \/>\nWas passiert war.<br \/>\nVor fast vierzehn Monaten.<br \/>\nAls er umgefallen war.<br \/>\nIn der Arbeit.<br \/>\nEin Kollaps.<br \/>\nTage sp\u00e4ter.<br \/>\nDie Diagnose.<br \/>\nEine Niere.<br \/>\nVom Krebs befallen.<br \/>\nOperation.<br \/>\nChemotherapie.<br \/>\nReha.<br \/>\nHarte Monate.<br \/>\nSchmerzen.<br \/>\n\u00dcbelkeit.<br \/>\nHaarausfall.<br \/>\nUnd er war gealtert.<br \/>\nIrgendwie.<br \/>\nSah er auch anders aus.<br \/>\nEin wenig.<br \/>\nDie Krankheit.<br \/>\nSie hatte ihn ver\u00e4ndert.<br \/>\nAuch seelisch.<br \/>\nVerletzbar.<br \/>\nWar er geworden.<br \/>\nJahre.<br \/>\nHatte er nicht geweint.<br \/>\nNach der Diagnose.<br \/>\nDann wieder \u00f6fter\u2026<br \/>\nSehr viel \u00f6fter.<\/p>\n<p>Sandras Wagen!<br \/>\nEr kannte ihn daran.<br \/>\nWie sie schaltete.<br \/>\nMarkant\u2026<br \/>\nSandra.<br \/>\nSie war bei ihm gewesen.<br \/>\nIm Spital.<br \/>\nJeden Tag.<br \/>\nSie hatte ihm gut zugeredet.<br \/>\nMut gemacht.<br \/>\nDie Liebe einer Frau.<br \/>\nEiner Frau wie Sandra.<br \/>\nUnverzichtbar\u2026<br \/>\nEs ging ihm jetzt gut.<br \/>\nEr war krebsfrei.<br \/>\nVorige Woche.<br \/>\nDie letzte Kontrolle.<br \/>\nAlles okay\u2026<br \/>\nUnd morgen.<br \/>\nW\u00fcrde er arbeiten gehen.<br \/>\nWieder.<br \/>\nDie Kollegen.<br \/>\nSie hatten etwas geplant.<br \/>\nEin kleines Willkommensfest\u2026<br \/>\nEr war ger\u00fchrt.<br \/>\nEhrlich.<br \/>\nFr\u00fcher.<br \/>\nDa kannte er es nicht.<br \/>\nDieses Gef\u00fchl.<br \/>\nEs w\u00fcrde guttun.<br \/>\nWieder einzutauchen.<br \/>\nIn den Alltag.<br \/>\nUnd doch\u2026<br \/>\nEin neues Leben\u2026<\/p>\n<p>Vivienne\/Gedankensplitter<\/p>\n","protected":false},"excerpt":{"rendered":"<p>Daniel g&auml;hnte. Er stand auf. Legte die Zeitung. Auf den Couchtisch. Er f&uuml;hlte sich gut. Morgen. Erster Arbeitstag. Nach &uuml;ber &#8230; <\/p>\n<p class=\"read-more-container\"><a title=\"Ein neues Leben &#8211; Gedankensplitter\" class=\"read-more button\" href=\"https:\/\/www.bohnenzeitung.com\/wp\/ein-neues-leben-feuerlilie\/#more-10193\" aria-label=\"Mehr Informationen \u00fcber Ein neues Leben &#8211; Gedankensplitter\">Weiter<\/a><\/p>\n","protected":false},"author":1,"featured_media":28639,"comment_status":"open","ping_status":"open","sticky":false,"template":"","format":"standard","meta":{"footnotes":""},"categories":[48],"tags":[],"class_list":["post-10193","post","type-post","status-publish","format-standard","has-post-thumbnail","hentry","category-gedankensplitter","generate-columns","tablet-grid-50","mobile-grid-100","grid-parent","grid-50","resize-featured-image"],"post_mailing_queue_ids":[],"_links":{"self":[{"href":"https:\/\/www.bohnenzeitung.com\/wp\/wp-json\/wp\/v2\/posts\/10193","targetHints":{"allow":["GET"]}}],"collection":[{"href":"https:\/\/www.bohnenzeitung.com\/wp\/wp-json\/wp\/v2\/posts"}],"about":[{"href":"https:\/\/www.bohnenzeitung.com\/wp\/wp-json\/wp\/v2\/types\/post"}],"author":[{"embeddable":true,"href":"https:\/\/www.bohnenzeitung.com\/wp\/wp-json\/wp\/v2\/users\/1"}],"replies":[{"embeddable":true,"href":"https:\/\/www.bohnenzeitung.com\/wp\/wp-json\/wp\/v2\/comments?post=10193"}],"version-history":[{"count":0,"href":"https:\/\/www.bohnenzeitung.com\/wp\/wp-json\/wp\/v2\/posts\/10193\/revisions"}],"wp:featuredmedia":[{"embeddable":true,"href":"https:\/\/www.bohnenzeitung.com\/wp\/wp-json\/wp\/v2\/media\/28639"}],"wp:attachment":[{"href":"https:\/\/www.bohnenzeitung.com\/wp\/wp-json\/wp\/v2\/media?parent=10193"}],"wp:term":[{"taxonomy":"category","embeddable":true,"href":"https:\/\/www.bohnenzeitung.com\/wp\/wp-json\/wp\/v2\/categories?post=10193"},{"taxonomy":"post_tag","embeddable":true,"href":"https:\/\/www.bohnenzeitung.com\/wp\/wp-json\/wp\/v2\/tags?post=10193"}],"curies":[{"name":"wp","href":"https:\/\/api.w.org\/{rel}","templated":true}]}}