{"id":10303,"date":"2011-10-09T12:14:57","date_gmt":"2011-10-09T11:14:57","guid":{"rendered":"http:\/\/www.bohnenzeitung.com\/?p=10303"},"modified":"2011-10-09T12:14:57","modified_gmt":"2011-10-09T11:14:57","slug":"gut-wie-es-ist-feuerlilie","status":"publish","type":"post","link":"https:\/\/www.bohnenzeitung.com\/wp\/gut-wie-es-ist-feuerlilie\/","title":{"rendered":"Gut, wie es ist&#8230; &#8211; Gedankensplitter"},"content":{"rendered":"<p>Ein herbstlicher Tag.<br \/>\nIch denke nach.<br \/>\nVor einem Jahr.<br \/>\nDa sah alles anders aus.<br \/>\nHoffnungslos.<br \/>\nIrgendwie.<br \/>\nTiefste Depression.<br \/>\nAnzeichen von Burn out.<br \/>\nKnapp vor dem Zusammenbruch.<br \/>\nEin Job.<br \/>\nUnertr\u00e4glich geworden.<br \/>\nSamt den Leuten rund herum.<br \/>\nVorw\u00fcrfe.<br \/>\nDem\u00fctigungen.<br \/>\nBeleidigungen.<br \/>\nSeit Jahren.<br \/>\nErreichten sie nun.<br \/>\nEinen H\u00f6hepunkt.<br \/>\nDazu.<br \/>\nEin Schlaganfall der Mutter.<br \/>\nZur ung\u00fcnstigsten Zeit.<br \/>\nEin Aufschrei.<br \/>\nWie soll das weitergehen?<br \/>\nWie?<\/p>\n<p>Ein Tag.<br \/>\nEr \u00e4nderte alles.<br \/>\nAlles hatte Sinn.<br \/>\nPl\u00f6tzlich.<br \/>\nIch zerschlug.<br \/>\nDen Gordischen Knoten.<br \/>\nMit einem Hieb.<br \/>\nAuf einmal.<br \/>\nWar alles ganz einfach.<br \/>\nIch l\u00f6ste mich.<br \/>\nAus der Umklammerung.<br \/>\nUnd die Mutter.<br \/>\nSie gesundete.<br \/>\n\u00dcberraschend schnell.<br \/>\nManchmal.<br \/>\nDa denke ich.<br \/>\nIch h\u00e4tte mehr Zeit gebraucht.<br \/>\nF\u00fcr mich.<br \/>\nEin wenig mehr.<br \/>\nSo atemlos.<br \/>\nWar ich manchmal.<br \/>\nAber die Krankheit.<br \/>\nSie verlie\u00df mich.<br \/>\nAls der Druck verschwand.<br \/>\nMit all den schlechten Menschen\u2026<br \/>\nIch sammelte Kraft.<br \/>\nNach und nach.<br \/>\nUnd auch meine Seele.<br \/>\nSie begann zu heilen.<br \/>\nSt\u00fcck f\u00fcr St\u00fcck\u2026<br \/>\n\u00dcble Nachrede.<br \/>\nIch lie\u00df sie hinter mir.<br \/>\nManche begreifen nicht.<br \/>\nWann sie verloren haben.<br \/>\nNie\u2026<\/p>\n<p>Ein Jahr.<br \/>\nIch habe Menschen stehen lassen.<br \/>\nUm sie nie mehr zu sehen.<br \/>\nUnd das bewusst.<br \/>\nAuch.<br \/>\nWenn ihre Telefonnummer.<br \/>\nIm Telefonbuch steht.<br \/>\nIch lie\u00df sie hinter mir.<br \/>\nWie Gespenster.<br \/>\nScheu\u00dfliche Gespenster.<br \/>\nDie ich nie mehr sehen m\u00f6chte.<br \/>\nMein weiteres Leben\u2026<br \/>\nNeue Leute.<br \/>\nManche mag man.<br \/>\nManche weniger.<br \/>\nAber das.<br \/>\nIst nicht schlimm.<br \/>\nEin paar Sorgen weniger.<br \/>\nEin paar N\u00f6te verloren.<br \/>\nSo nach und nach.<br \/>\nGealtert.<br \/>\nGereift.<br \/>\nUnd wieder \u00e4lter.<br \/>\nEin Jahr.<br \/>\nIch lebe bescheiden.<br \/>\nUnd sehr zufrieden.<br \/>\nDie Vergangenheit.<br \/>\nDunkle Schatten.<br \/>\nVom Wind zerfetzt.<br \/>\nIn einem Leben.<br \/>\nWie ich es m\u00f6chte.<br \/>\nSo soll es sein.<br \/>\nGut.<br \/>\nWie es ist\u2026<\/p>\n<p>Vivienne\/Gedankensplitter<\/p>\n","protected":false},"excerpt":{"rendered":"<p>Ein herbstlicher Tag. Ich denke nach. Vor einem Jahr. Da sah alles anders aus. Hoffnungslos. Irgendwie. Tiefste Depression. Anzeichen von &#8230; <\/p>\n<p class=\"read-more-container\"><a title=\"Gut, wie es ist&#8230; &#8211; Gedankensplitter\" class=\"read-more button\" href=\"https:\/\/www.bohnenzeitung.com\/wp\/gut-wie-es-ist-feuerlilie\/#more-10303\" aria-label=\"Mehr Informationen \u00fcber Gut, wie es ist&#8230; &#8211; Gedankensplitter\">Weiter<\/a><\/p>\n","protected":false},"author":1,"featured_media":28639,"comment_status":"open","ping_status":"open","sticky":false,"template":"","format":"standard","meta":{"footnotes":""},"categories":[48],"tags":[],"class_list":["post-10303","post","type-post","status-publish","format-standard","has-post-thumbnail","hentry","category-gedankensplitter","generate-columns","tablet-grid-50","mobile-grid-100","grid-parent","grid-50","resize-featured-image"],"post_mailing_queue_ids":[],"_links":{"self":[{"href":"https:\/\/www.bohnenzeitung.com\/wp\/wp-json\/wp\/v2\/posts\/10303","targetHints":{"allow":["GET"]}}],"collection":[{"href":"https:\/\/www.bohnenzeitung.com\/wp\/wp-json\/wp\/v2\/posts"}],"about":[{"href":"https:\/\/www.bohnenzeitung.com\/wp\/wp-json\/wp\/v2\/types\/post"}],"author":[{"embeddable":true,"href":"https:\/\/www.bohnenzeitung.com\/wp\/wp-json\/wp\/v2\/users\/1"}],"replies":[{"embeddable":true,"href":"https:\/\/www.bohnenzeitung.com\/wp\/wp-json\/wp\/v2\/comments?post=10303"}],"version-history":[{"count":0,"href":"https:\/\/www.bohnenzeitung.com\/wp\/wp-json\/wp\/v2\/posts\/10303\/revisions"}],"wp:featuredmedia":[{"embeddable":true,"href":"https:\/\/www.bohnenzeitung.com\/wp\/wp-json\/wp\/v2\/media\/28639"}],"wp:attachment":[{"href":"https:\/\/www.bohnenzeitung.com\/wp\/wp-json\/wp\/v2\/media?parent=10303"}],"wp:term":[{"taxonomy":"category","embeddable":true,"href":"https:\/\/www.bohnenzeitung.com\/wp\/wp-json\/wp\/v2\/categories?post=10303"},{"taxonomy":"post_tag","embeddable":true,"href":"https:\/\/www.bohnenzeitung.com\/wp\/wp-json\/wp\/v2\/tags?post=10303"}],"curies":[{"name":"wp","href":"https:\/\/api.w.org\/{rel}","templated":true}]}}