{"id":12194,"date":"2012-06-21T14:11:02","date_gmt":"2012-06-21T13:11:02","guid":{"rendered":"http:\/\/www.bohnenzeitung.com\/?p=12194"},"modified":"2012-06-21T14:11:02","modified_gmt":"2012-06-21T13:11:02","slug":"sommerzeit-feuerlilie","status":"publish","type":"post","link":"https:\/\/www.bohnenzeitung.com\/wp\/sommerzeit-feuerlilie\/","title":{"rendered":"Sommerzeit &#8211; Gedankensplitter"},"content":{"rendered":"<p>Blauer Himmel.<br \/>\nSo weit.<br \/>\nDas Auge reicht.<br \/>\nWas f\u00fcr ein Morgen!<br \/>\nUrlaub.<br \/>\nUnd dieses Gef\u00fchl.<br \/>\nDas ist.<br \/>\nMit wenig.<br \/>\nZu vergleichen.<br \/>\nFast.<br \/>\nMit nichts\u2026<br \/>\nKaffee.<br \/>\nTee.<br \/>\nKn\u00e4ckebrot.<br \/>\nMein Fr\u00fchst\u00fcck.<br \/>\nJeden Tag.<br \/>\nAber.<br \/>\nEs schmeckt anders.<br \/>\nAnders.<br \/>\nAls die Wochen zuvor\u2026<br \/>\nEine Leichtigkeit.<br \/>\nHat mich ergriffen.<br \/>\nEine Leichtigkeit.<br \/>\nWie der sanfte.<br \/>\nSommerwind.<br \/>\nDer.<br \/>\nDie Bl\u00e4tter der B\u00e4ume ber\u00fchrt.<br \/>\nGanz sanft.<br \/>\nAls wolle er sie\u2026<br \/>\nStreicheln\u2026<\/p>\n<p>Sp\u00e4ter Vormittag.<br \/>\nEin kleiner Ausflug.<br \/>\nShoppen.<br \/>\nEs ist Ausverkauf\u2026<br \/>\nIch bin unterwegs.<br \/>\nEine Weile.<br \/>\nSchlie\u00dflich.<br \/>\nEin neuer Kaktus.<br \/>\nH\u00fcbsch stachelig.<br \/>\nIm wei\u00dfen Topf.<br \/>\nMein neuer Liebling\u2026<br \/>\nEin Sommerpyjama.<br \/>\nWei\u00df.<br \/>\nUnd Schwarz.<br \/>\nIn der Tasche.<br \/>\nNoch so manches.<br \/>\nShoppen.<br \/>\nMacht gl\u00fccklich.<br \/>\nDenke ich mir.<br \/>\nIch stelle den Kaktus.<br \/>\nIns Bad.<br \/>\nAuf das Fensterbrett.<br \/>\nSieht toll aus!<br \/>\nAufgenommen.<br \/>\nIn die gro\u00dfe Familie.<br \/>\nMeiner Kakteen.<br \/>\n\u00dcber zwanzig!<br \/>\nSind es schon.<br \/>\nUnd sie alle.<br \/>\nErfreuen mein Herz\u2026<\/p>\n<p>Der Pyjama passt.<br \/>\nEr ist.<br \/>\nSo weich\u2026<br \/>\nIch setze mich.<br \/>\nBei einem Glass Saft.<br \/>\nEiskalt.<br \/>\nDer Ventilator l\u00e4uft.<br \/>\nLaut.<br \/>\nWie ein Segelflugzeug.<br \/>\nIm Wohnzimmer\u2026<br \/>\nIch grinse.<br \/>\nWasche ab.<br \/>\nR\u00e4ume alles weg.<br \/>\nWas ich gekauft habe.<br \/>\nDer M\u00fcll.<br \/>\nEr muss hinunter.<br \/>\nUnd die Katze.<br \/>\nMeine Kleine.<br \/>\nSie liegt im Bad.<br \/>\nAuf den Teppichen.<br \/>\nM\u00fcde.<br \/>\nDie Hitze.<br \/>\nMacht ihr.<br \/>\nZu schaffen\u2026<br \/>\nNoch.<br \/>\nEin Glas Saft.<br \/>\nIch denke nach.<br \/>\nVergesse die Zeit.<br \/>\nIm Surren des Ventilators.<br \/>\nDer Tag\u2026<br \/>\nEr neigt sich.<br \/>\nEin paar Wolken.<br \/>\nR\u00f6tlich verf\u00e4rbt.<br \/>\nFlach.<br \/>\nWie ausgepresst\u2026<\/p>\n<p>Vivienne\/Gedankensplitter<\/p>\n","protected":false},"excerpt":{"rendered":"<p>Blauer Himmel. So weit. Das Auge reicht. Was f&uuml;r ein Morgen! Urlaub. Und dieses Gef&uuml;hl. Das ist. Mit wenig. Zu &#8230; <\/p>\n<p class=\"read-more-container\"><a title=\"Sommerzeit &#8211; Gedankensplitter\" class=\"read-more button\" href=\"https:\/\/www.bohnenzeitung.com\/wp\/sommerzeit-feuerlilie\/#more-12194\" aria-label=\"Mehr Informationen \u00fcber Sommerzeit &#8211; Gedankensplitter\">Weiter<\/a><\/p>\n","protected":false},"author":1,"featured_media":28639,"comment_status":"open","ping_status":"open","sticky":false,"template":"","format":"standard","meta":{"footnotes":""},"categories":[48],"tags":[],"class_list":["post-12194","post","type-post","status-publish","format-standard","has-post-thumbnail","hentry","category-gedankensplitter","generate-columns","tablet-grid-50","mobile-grid-100","grid-parent","grid-50","resize-featured-image"],"post_mailing_queue_ids":[],"_links":{"self":[{"href":"https:\/\/www.bohnenzeitung.com\/wp\/wp-json\/wp\/v2\/posts\/12194","targetHints":{"allow":["GET"]}}],"collection":[{"href":"https:\/\/www.bohnenzeitung.com\/wp\/wp-json\/wp\/v2\/posts"}],"about":[{"href":"https:\/\/www.bohnenzeitung.com\/wp\/wp-json\/wp\/v2\/types\/post"}],"author":[{"embeddable":true,"href":"https:\/\/www.bohnenzeitung.com\/wp\/wp-json\/wp\/v2\/users\/1"}],"replies":[{"embeddable":true,"href":"https:\/\/www.bohnenzeitung.com\/wp\/wp-json\/wp\/v2\/comments?post=12194"}],"version-history":[{"count":0,"href":"https:\/\/www.bohnenzeitung.com\/wp\/wp-json\/wp\/v2\/posts\/12194\/revisions"}],"wp:featuredmedia":[{"embeddable":true,"href":"https:\/\/www.bohnenzeitung.com\/wp\/wp-json\/wp\/v2\/media\/28639"}],"wp:attachment":[{"href":"https:\/\/www.bohnenzeitung.com\/wp\/wp-json\/wp\/v2\/media?parent=12194"}],"wp:term":[{"taxonomy":"category","embeddable":true,"href":"https:\/\/www.bohnenzeitung.com\/wp\/wp-json\/wp\/v2\/categories?post=12194"},{"taxonomy":"post_tag","embeddable":true,"href":"https:\/\/www.bohnenzeitung.com\/wp\/wp-json\/wp\/v2\/tags?post=12194"}],"curies":[{"name":"wp","href":"https:\/\/api.w.org\/{rel}","templated":true}]}}