{"id":12460,"date":"2012-08-07T14:27:03","date_gmt":"2012-08-07T13:27:03","guid":{"rendered":"http:\/\/www.bohnenzeitung.com\/?p=12460"},"modified":"2012-08-07T14:27:03","modified_gmt":"2012-08-07T13:27:03","slug":"spatsommer-feuerlilie-2","status":"publish","type":"post","link":"https:\/\/www.bohnenzeitung.com\/wp\/spatsommer-feuerlilie-2\/","title":{"rendered":"Sp\u00e4tsommer &#8211; Gedankensplitter"},"content":{"rendered":"<p>Samstagabend.<br \/>\nEin heftiges Gewitter.<br \/>\nGrelle Blitze.<br \/>\nLautes Grollen.<br \/>\nUnd die Katze.<br \/>\nVersteckt.<br \/>\nAuf dem WC.<br \/>\nDort h\u00f6rt sie nichts.<br \/>\nUnd sieht sie nichts.<br \/>\nSie f\u00fchlt sich sicher.<br \/>\nSie f\u00fcrchtet sich immer.<br \/>\nWenn es laut ist.<br \/>\nDas WC.<br \/>\nIst ihr Refugium\u2026<br \/>\nIch trinke Saft.<br \/>\nEisgek\u00fchlt.<br \/>\nSchwei\u00df auf meiner Stirn.<br \/>\nEs dr\u00fcckt.<br \/>\nW\u00e4hrend der Regen prasselt\u2026<br \/>\nAm Vormittag.<br \/>\nDa habe ich noch.<br \/>\nDie Fenster geputzt.<br \/>\nPassiert.<br \/>\nMir nicht.<br \/>\nDas erste Mal.<br \/>\nPech gehabt.<br \/>\nDenke ich mir.<br \/>\nUnd sehe zu.<br \/>\nWie die Wassertropfen.<br \/>\n\u00dcber die Scheibe flie\u00dfen\u2026<br \/>\nEs blitzt wieder.<br \/>\nSo.<br \/>\nGeht es noch Stunden\u2026<br \/>\nErst nach 23:00 Uhr.<br \/>\nWird es ruhiger\u2026<\/p>\n<p>Sonntagmorgen.<br \/>\nIch betrachte.<br \/>\nDas Fenster.<br \/>\nEin paar Insekten.<br \/>\nVom Wind und vom Regen.<br \/>\nAn die Scheibe geworfen\u2026<br \/>\nAber alles in allem.<br \/>\nNicht so schlimm.<br \/>\nIch fr\u00fchst\u00fccke.<br \/>\nKein Kaffee.<br \/>\nDie Milch.<br \/>\nIst sauer geworden.<br \/>\nDas Wetter.<br \/>\nHitze und Regen.<br \/>\nVertr\u00e4gt auch.<br \/>\nHaltbarmilch nicht\u2026<br \/>\nEin hei\u00dfer Tag.<br \/>\nDr\u00fcckend schw\u00fcl.<br \/>\nEin Tag im M\u00fchlviertel.<br \/>\nWieder\u2026<br \/>\nIch komme heim.<br \/>\nMilch habe ich mit.<br \/>\nFrisch von der B\u00e4ckerei\u2026<br \/>\nDann fl\u00fcchte ich.<br \/>\nUnter die Dusche.<\/p>\n<p>Das k\u00fchle Wasser.<br \/>\nPrickelt.<br \/>\nAuf meiner Haut.<br \/>\nMassiert.<br \/>\nJeden Zentimeter.<br \/>\nWasser.<br \/>\nReinigt den K\u00f6rper.<br \/>\nStreichelt die Seele.<br \/>\nIch lache.<br \/>\nOder\u2026<br \/>\nEs verschmutzt die Fenster\u2026<br \/>\nDie Natur.<br \/>\nSie atmet auf.<br \/>\nIm Regen.<br \/>\nUnd die Birken.<br \/>\nHeute Vormittag.<br \/>\nH\u00e4ngende \u00c4ste und Bl\u00e4tter\u2026<br \/>\nDas Werk.<br \/>\nVon Wind und Regen\u2026<br \/>\nIch trockne mich ab.<br \/>\nErfrischt.<br \/>\nGest\u00e4rkt.<br \/>\nF\u00fchle mich gut.<br \/>\nDer Nachmittag.<br \/>\nEilt dahin.<br \/>\nEs tr\u00fcbt sich ein.<br \/>\nVielleicht wieder\u2026<br \/>\nRegen.<br \/>\nGewitter\u2026<br \/>\nDie Katze.<br \/>\nLiegt auf dem Kratzbaum.<br \/>\nIhre Pf\u00f6tchen.<br \/>\nVon sich gestreckt.<br \/>\n<em> Das Wetter wird k\u00fchler.<\/em><br \/>\n<em> Nicht mehr so hei\u00df.<\/em><br \/>\nVerspricht.<br \/>\nDer Wetterbericht.<br \/>\nSp\u00e4tsommer eben\u2026<br \/>\nDenke ich mir.<br \/>\nUnd hole mir.<br \/>\nEin Glas Saft.<br \/>\nEigek\u00fchlt\u2026<\/p>\n<p>Vivienne\/Gedankensplitter<\/p>\n","protected":false},"excerpt":{"rendered":"<p>Samstagabend. Ein heftiges Gewitter. Grelle Blitze. Lautes Grollen. Und die Katze. Versteckt. Auf dem WC. Dort h&ouml;rt sie nichts. Und &#8230; <\/p>\n<p class=\"read-more-container\"><a title=\"Sp\u00e4tsommer &#8211; Gedankensplitter\" class=\"read-more button\" href=\"https:\/\/www.bohnenzeitung.com\/wp\/spatsommer-feuerlilie-2\/#more-12460\" aria-label=\"Mehr Informationen \u00fcber Sp\u00e4tsommer &#8211; Gedankensplitter\">Weiter<\/a><\/p>\n","protected":false},"author":1,"featured_media":28639,"comment_status":"open","ping_status":"open","sticky":false,"template":"","format":"standard","meta":{"footnotes":""},"categories":[48],"tags":[],"class_list":["post-12460","post","type-post","status-publish","format-standard","has-post-thumbnail","hentry","category-gedankensplitter","generate-columns","tablet-grid-50","mobile-grid-100","grid-parent","grid-50","resize-featured-image"],"post_mailing_queue_ids":[],"_links":{"self":[{"href":"https:\/\/www.bohnenzeitung.com\/wp\/wp-json\/wp\/v2\/posts\/12460","targetHints":{"allow":["GET"]}}],"collection":[{"href":"https:\/\/www.bohnenzeitung.com\/wp\/wp-json\/wp\/v2\/posts"}],"about":[{"href":"https:\/\/www.bohnenzeitung.com\/wp\/wp-json\/wp\/v2\/types\/post"}],"author":[{"embeddable":true,"href":"https:\/\/www.bohnenzeitung.com\/wp\/wp-json\/wp\/v2\/users\/1"}],"replies":[{"embeddable":true,"href":"https:\/\/www.bohnenzeitung.com\/wp\/wp-json\/wp\/v2\/comments?post=12460"}],"version-history":[{"count":0,"href":"https:\/\/www.bohnenzeitung.com\/wp\/wp-json\/wp\/v2\/posts\/12460\/revisions"}],"wp:featuredmedia":[{"embeddable":true,"href":"https:\/\/www.bohnenzeitung.com\/wp\/wp-json\/wp\/v2\/media\/28639"}],"wp:attachment":[{"href":"https:\/\/www.bohnenzeitung.com\/wp\/wp-json\/wp\/v2\/media?parent=12460"}],"wp:term":[{"taxonomy":"category","embeddable":true,"href":"https:\/\/www.bohnenzeitung.com\/wp\/wp-json\/wp\/v2\/categories?post=12460"},{"taxonomy":"post_tag","embeddable":true,"href":"https:\/\/www.bohnenzeitung.com\/wp\/wp-json\/wp\/v2\/tags?post=12460"}],"curies":[{"name":"wp","href":"https:\/\/api.w.org\/{rel}","templated":true}]}}