{"id":1323,"date":"2010-01-25T20:08:03","date_gmt":"2010-01-25T19:08:03","guid":{"rendered":"http:\/\/bohnenzeitung.com\/wp\/?p=1323"},"modified":"2010-01-25T20:08:03","modified_gmt":"2010-01-25T19:08:03","slug":"uber-den-neid","status":"publish","type":"post","link":"https:\/\/www.bohnenzeitung.com\/wp\/uber-den-neid\/","title":{"rendered":"\u00dcber den Neid"},"content":{"rendered":"<p>Nichts ist so menschlich wie der Neid.<br \/>\nKain erschlug seinen Bruder Abel.<br \/>\nAus Neid auf dessen Beliebtheit.<br \/>\nUnd weil er ein wenig mehr Gl\u00fcck hatte.<br \/>\nUnd Gott sein Tun mit Wohlgefallen betrachtete.<br \/>\nDie Strafe blieb nicht aus.<br \/>\nF\u00fcr den Brudermord.<br \/>\nWei\u00df das Alte Testament zu berichten.<br \/>\nKain musste fliehen.<br \/>\nIn Schimpf und Schande.<br \/>\nUnd woanders ein neues Leben beginnen\u2026<\/p>\n<p>Was ist Neid eigentlich?<br \/>\nIm Lexikon gibt es einige gute Definitionen.<br \/>\nNeid oder auch Missgunst genannt.<br \/>\nIst ein ethisch verwerfbarer, emotionaler Ausdruck des Unbehagens.<br \/>\n\u00dcber die Besserstellung anderer.<br \/>\nNeidisch ist also jeder.<br \/>\nDen ein Besitztum oder eine Besserstellung anderer kr\u00e4nkt.<br \/>\nEin Neider versucht sein Manko auszugleichen.<br \/>\nNeid entsteht also aufgrund eines Minderwertigkeitsgef\u00fchles.<\/p>\n<p>Neid mag durchaus seinen Sinn haben.<br \/>\nEtwa im Wettbewerb.<br \/>\nIm Sport.<br \/>\nOder im Verkauf.<br \/>\nBerechtigt ist er aber sicher nicht immer.<br \/>\nVor allem aber nicht seine Ausgrenzung des Beneideten.<br \/>\nAusw\u00fcchse.<br \/>\nKranke Ausw\u00fcchse zum Teil.<br \/>\nDie in unserer modernen Welt sehr negativ ausfallen k\u00f6nnen.<br \/>\nEin Beispiel daf\u00fcr ist Mobbing.<br \/>\nGegen Neidgef\u00fchle kann man sich aber oft selber nicht wehren.<br \/>\nManchmal ist man sich dieses Gef\u00fchls gar nicht wirklich bewusst.<br \/>\nAber es nagt an einem.<br \/>\nF\u00fcgt Narben an der Seele zu.<br \/>\nWas aber all die schlimmen Ausw\u00fcchse nicht entschuldigt.<br \/>\nNeid ist dann okay.<br \/>\nWenn man dazu steht.<br \/>\nWenn man ihn hinterfragt.<br \/>\nUnd ihn vielleicht als Ansporn nutzen kann.<\/p>\n<p>In der Bibel galt Neid als eine der sieben Tods\u00fcnden.<br \/>\nMoralisch zutiefst verwerflich.<br \/>\nWas nat\u00fcrlich das Dilemma der Neider erh\u00f6hte.<br \/>\nDie sich nichts eingestehen wollten.<br \/>\nUnd durften.<br \/>\nUnd doch so sehr litten.<br \/>\nUnter der Zur\u00fcckstellung.<br \/>\nUnter einem Erfolgsdruck.<br \/>\nWas auch immer.<br \/>\nHeute kann man nur sagen.<br \/>\nNeid ist im Grunde v\u00f6llig normal.<br \/>\nJeder ist auf irgendwen neidig.<br \/>\nIrgendwann einmal.<br \/>\nAus den unterschiedlichsten Gr\u00fcnden.<br \/>\nInakzeptabel wird Neid nur dann.<br \/>\nWenn man ihn auf das Projekt der Begierde projiziert.<br \/>\nUnd diesem die eigenen Schuldgef\u00fchle anh\u00e4ngen m\u00f6chte.<br \/>\nDagegen muss man sich wehren.<br \/>\nDer Mensch trachtet immer danach der Beste zu sein.<br \/>\nVon Natur aus.<br \/>\nLogisch dass sich schnell Wettk\u00e4mpfe entwickelten.<br \/>\nAuch Kriege wurden unter diesem Aspekt ausgel\u00f6st.<br \/>\nNeid kann einem helfen besser zu werden.<br \/>\nSich selbst zu steigern.<br \/>\nOder sich zu verbessern.<br \/>\nAber auch mehr an sich zu arbeiten.<\/p>\n<p>Neid sollte aber nicht genutzt werden jemanden zu mobben.<br \/>\nOder auszugrenzen.<br \/>\nDem Begehrten gewisserma\u00dfen einen Makel anzuh\u00e4ngen.<br \/>\nWeil er erfolgreich ist.<br \/>\nOder einfach beg\u00fcnstigt.<br \/>\nNur Derartiges ist wirklich verwerflich.<br \/>\nWer Neid hat, muss sich nicht sch\u00e4men.<br \/>\nSich aber bewusst sein.<br \/>\nDer Beneidete ist kein Teufel.<br \/>\nSondern hat nur einige Vorteile auf seiner Seite.<br \/>\nIm Moment zumindest.<br \/>\nDas kann sich aber wieder \u00e4ndern.<br \/>\nEs liegt auch an einem selbst.<br \/>\nEinen R\u00fcckstand auszugleichen.<br \/>\nWichtig ist.<br \/>\nAm Ball bleiben.<br \/>\nSeine M\u00f6glichkeiten nutzen.<br \/>\nUnd nicht lamentieren oder schimpfen.<br \/>\nMan hat es selber in der Hand, seine Situation zu verbessern.<br \/>\n\u00d6fter als man glaubt\u2026<br \/>\nDann ist Neid eine echte Chance\u2026<\/p>\n<p>\u00a9 Vivienne<\/p>\n","protected":false},"excerpt":{"rendered":"<p>Nichts ist so menschlich wie der Neid. Kain erschlug seinen Bruder Abel. Aus Neid auf dessen Beliebtheit. Und weil er &#8230; <\/p>\n<p class=\"read-more-container\"><a title=\"\u00dcber den Neid\" class=\"read-more button\" href=\"https:\/\/www.bohnenzeitung.com\/wp\/uber-den-neid\/#more-1323\" aria-label=\"Mehr Informationen \u00fcber \u00dcber den Neid\">Weiter<\/a><\/p>\n","protected":false},"author":1,"featured_media":28639,"comment_status":"open","ping_status":"open","sticky":false,"template":"","format":"standard","meta":{"footnotes":""},"categories":[34],"tags":[],"class_list":["post-1323","post","type-post","status-publish","format-standard","has-post-thumbnail","hentry","category-gedankenwelt","generate-columns","tablet-grid-50","mobile-grid-100","grid-parent","grid-50","resize-featured-image"],"post_mailing_queue_ids":[],"_links":{"self":[{"href":"https:\/\/www.bohnenzeitung.com\/wp\/wp-json\/wp\/v2\/posts\/1323","targetHints":{"allow":["GET"]}}],"collection":[{"href":"https:\/\/www.bohnenzeitung.com\/wp\/wp-json\/wp\/v2\/posts"}],"about":[{"href":"https:\/\/www.bohnenzeitung.com\/wp\/wp-json\/wp\/v2\/types\/post"}],"author":[{"embeddable":true,"href":"https:\/\/www.bohnenzeitung.com\/wp\/wp-json\/wp\/v2\/users\/1"}],"replies":[{"embeddable":true,"href":"https:\/\/www.bohnenzeitung.com\/wp\/wp-json\/wp\/v2\/comments?post=1323"}],"version-history":[{"count":0,"href":"https:\/\/www.bohnenzeitung.com\/wp\/wp-json\/wp\/v2\/posts\/1323\/revisions"}],"wp:featuredmedia":[{"embeddable":true,"href":"https:\/\/www.bohnenzeitung.com\/wp\/wp-json\/wp\/v2\/media\/28639"}],"wp:attachment":[{"href":"https:\/\/www.bohnenzeitung.com\/wp\/wp-json\/wp\/v2\/media?parent=1323"}],"wp:term":[{"taxonomy":"category","embeddable":true,"href":"https:\/\/www.bohnenzeitung.com\/wp\/wp-json\/wp\/v2\/categories?post=1323"},{"taxonomy":"post_tag","embeddable":true,"href":"https:\/\/www.bohnenzeitung.com\/wp\/wp-json\/wp\/v2\/tags?post=1323"}],"curies":[{"name":"wp","href":"https:\/\/api.w.org\/{rel}","templated":true}]}}