{"id":17249,"date":"2015-01-08T16:00:06","date_gmt":"2015-01-08T15:00:06","guid":{"rendered":"http:\/\/www.bohnenzeitung.com\/?p=17249"},"modified":"2020-12-07T09:41:33","modified_gmt":"2020-12-07T08:41:33","slug":"ignoranz-reflexion","status":"publish","type":"post","link":"https:\/\/www.bohnenzeitung.com\/wp\/ignoranz-reflexion\/","title":{"rendered":"Ignoranz &#8211; Reflexion"},"content":{"rendered":"<p>Er solle versuchen etwas leiser zu treten.<br \/>\nHatten ihm die behandelnden \u00c4rzte geraten.<br \/>\nDer Krankheitsverlauf w\u00e4re zuletzt stabil.<br \/>\nAber jede Form des psychischen Stre\u00df.<br \/>\nK\u00f6nne weitreichende Folgen haben.<br \/>\nEr m\u00fcsse sich eben selbst eingestehen.<br \/>\nDass er nicht mehr so belastbar w\u00e4re.<br \/>\nUnd dies auch seinem Umfeld vermitteln.<br \/>\nAuch jenen die es nicht wahrhaben wollen.<\/p>\n<p>Die Botschaft verstand er sehr wohl.<br \/>\nDoch war ihm zugleich bewu\u00dft.<br \/>\nDass er sich kaum in der Lage sah.<br \/>\nDen erteilten Rat auch zu befolgen.<br \/>\nEr stand sich zumeist selbst im Weg.<br \/>\nEine Psychotherapeutin hatte erkannt.<br \/>\nDass es ihm \u00e4u\u00dferst schwer fallen w\u00fcrde.<br \/>\nAuch sich selbst Gutes zu wollen.<\/p>\n<p>Seinem Umfeld macht er kaum Vorw\u00fcrfe.<br \/>\nWenngleich er sich oftmals innerlich \u00e4rgert.<br \/>\n\u00dcber das vorherrschende Ignorantentum.<br \/>\nIn unserer selbstgerechten Gesellschaft.<br \/>\nDoch den \u00c4rger l\u00e4\u00dft er sich kaum anmerken.<br \/>\nUnd noch weniger ist er dazu bereit.<br \/>\nDie Ausl\u00f6ser dieser \u00c4rgernisse.<br \/>\nAuf den Umstand aufmerksam zu machen.<br \/>\nDavon w\u00fcrde er sich nichts erwarten.<\/p>\n<p>Das Raunzen ist nicht seine Sache.<br \/>\nUnd wenn er sich doch aufraffen kann.<br \/>\nEin belastendes Detail zu erw\u00e4hnen.<br \/>\nKann es ihm entweder passieren.<br \/>\nDass er oberfl\u00e4chliche Neugierde weckt.<br \/>\nOder er erf\u00e4hrt im Gegenzug.<br \/>\nDass es anderen noch schlechter erginge.<br \/>\nDann f\u00fchlt er sich unverstanden.<br \/>\nEr wolle R\u00fccksicht, doch bestimmt kein Mitleid.<br \/>\nUnd er w\u00e4re st\u00e4ndig auf der Suche.<br \/>\nNach konstruktiven L\u00f6sungsans\u00e4tzen.<br \/>\nDas versucht er auch zu vermitteln.<br \/>\nAber das tut er leise und emotionsarm.<br \/>\nSoda\u00df es nur wenige verstehen wollen.<\/p>\n<p>Er tr\u00e4gt durchaus eine Mitschuld.<br \/>\nAn seiner psychischen Misere.<br \/>\nIndem er sich selbst verleugnet.<br \/>\nUnd die Probleme zu zahm anspricht.<br \/>\nSich ihnen auch nicht wirklich stellt.<br \/>\nSeinem Umfeld ist vieles nicht bewu\u00dft.<br \/>\nAber rechtfertigt das den Umkehrschlu\u00df.<br \/>\nDass Unkenntnis der Problematik.<br \/>\nEinem Freispruch gleichkommt?<\/p>\n<p>Das Verb ignorieren bezeichnet.<br \/>\nDas bewu\u00dfte wie das unbewu\u00dfte<br \/>\nNicht zur Kenntnis nehmen (wollen).<br \/>\nHier liegt wohl der springende Punkt.<br \/>\nOb er bewu\u00dfte Ignoranz erlebt.<br \/>\nVermag ich nicht zu beurteilen.<br \/>\nAber auch die unbewu\u00dfte Missachtung.<br \/>\nKann Narben hinterlassen.<\/p>\n<p>Pedro<\/p>\n","protected":false},"excerpt":{"rendered":"<p>Er solle versuchen etwas leiser zu treten. Hatten ihm die behandelnden &Auml;rzte geraten. Der Krankheitsverlauf w&auml;re zuletzt stabil. Aber jede &#8230; <\/p>\n<p class=\"read-more-container\"><a title=\"Ignoranz &#8211; Reflexion\" class=\"read-more button\" href=\"https:\/\/www.bohnenzeitung.com\/wp\/ignoranz-reflexion\/#more-17249\" aria-label=\"Mehr Informationen \u00fcber Ignoranz &#8211; Reflexion\">Weiter<\/a><\/p>\n","protected":false},"author":1,"featured_media":28639,"comment_status":"open","ping_status":"open","sticky":false,"template":"","format":"standard","meta":{"footnotes":""},"categories":[94],"tags":[301,288,292,300],"class_list":["post-17249","post","type-post","status-publish","format-standard","has-post-thumbnail","hentry","category-reflexion","tag-emotion","tag-psyche","tag-raunzen","tag-unverstanden","generate-columns","tablet-grid-50","mobile-grid-100","grid-parent","grid-50","resize-featured-image"],"post_mailing_queue_ids":[],"_links":{"self":[{"href":"https:\/\/www.bohnenzeitung.com\/wp\/wp-json\/wp\/v2\/posts\/17249","targetHints":{"allow":["GET"]}}],"collection":[{"href":"https:\/\/www.bohnenzeitung.com\/wp\/wp-json\/wp\/v2\/posts"}],"about":[{"href":"https:\/\/www.bohnenzeitung.com\/wp\/wp-json\/wp\/v2\/types\/post"}],"author":[{"embeddable":true,"href":"https:\/\/www.bohnenzeitung.com\/wp\/wp-json\/wp\/v2\/users\/1"}],"replies":[{"embeddable":true,"href":"https:\/\/www.bohnenzeitung.com\/wp\/wp-json\/wp\/v2\/comments?post=17249"}],"version-history":[{"count":1,"href":"https:\/\/www.bohnenzeitung.com\/wp\/wp-json\/wp\/v2\/posts\/17249\/revisions"}],"predecessor-version":[{"id":28739,"href":"https:\/\/www.bohnenzeitung.com\/wp\/wp-json\/wp\/v2\/posts\/17249\/revisions\/28739"}],"wp:featuredmedia":[{"embeddable":true,"href":"https:\/\/www.bohnenzeitung.com\/wp\/wp-json\/wp\/v2\/media\/28639"}],"wp:attachment":[{"href":"https:\/\/www.bohnenzeitung.com\/wp\/wp-json\/wp\/v2\/media?parent=17249"}],"wp:term":[{"taxonomy":"category","embeddable":true,"href":"https:\/\/www.bohnenzeitung.com\/wp\/wp-json\/wp\/v2\/categories?post=17249"},{"taxonomy":"post_tag","embeddable":true,"href":"https:\/\/www.bohnenzeitung.com\/wp\/wp-json\/wp\/v2\/tags?post=17249"}],"curies":[{"name":"wp","href":"https:\/\/api.w.org\/{rel}","templated":true}]}}