{"id":17379,"date":"2003-01-09T19:02:37","date_gmt":"2003-01-09T18:02:37","guid":{"rendered":"http:\/\/www.bohnenzeitung.com\/?p=17379"},"modified":"2016-01-16T09:20:18","modified_gmt":"2016-01-16T08:20:18","slug":"sommerloch-ansichtssache","status":"publish","type":"post","link":"https:\/\/www.bohnenzeitung.com\/wp\/sommerloch-ansichtssache\/","title":{"rendered":"Sommerloch &#8211; Ansichtssache"},"content":{"rendered":"<p>\u00dcber das sonst so legend\u00e4re Sommerloch k\u00f6nnen sich die \u00f6sterreichischen Medien heuer wahrlich nicht beklagen. Begonnen hatte alles mit der Ausseinandersetzung rund um die ASVG-Pensionsreform, weiter ging es mit den Turbulenzen rund um den sch\u00f6nsten Finanzminister der Zweiten Republik und schlussendlich brachte sich auch der K\u00e4rntner Landeshauptmann immer wieder zur\u00fcck ins tagespolitische Geschehen.<\/p>\n<p>Das reichte aber bei weitem noch nicht, denn die ungewohnt tropischen Temperaturen sollten diese Woche noch zu einer interessanten Wortmeldung der Bildungsministerin Elisabeth Gehrer f\u00fchren. Diese hatte in einem Interview mit der &#8222;Presse&#8220; darauf hingewiesen, dass die Jungen nicht &#8222;von Party zu Party&#8220; rauschen, sondern den Generationenvertrag erf\u00fcllen und Kinder in die Welt setzen sollten.<\/p>\n<p>Die Aussage ist im Zusammenhang mit der von der \u00d6VP-F\u00fchrung f\u00fcr den Herbst versprochenen Harmonisierung der Pensionssysteme zu verstehen, wo hohe Beamtenpensionen harmonisiert, sprich gek\u00fcrzt werden sollten. Gehrer vertritt aber die Meinung, dass &#8222;die \u00e4ltere Generation, aber auch Politiker und Beamte&#8220; bereits genug Beitr\u00e4ge geleistet h\u00e4tten und nun die j\u00fcngere Generation am Zug sei.<\/p>\n<p>Es ist schon richtig, dass unser auf den Generationenvertrag basierendes Pensionssystem darauf ausgelegt ist, dass die Jungen die Pensionen der \u00c4lteren einbezahlen und wahrscheinlich hat das umlagenfinanzierte System auch durchaus Vorteile gegen\u00fcber einer rein auf Aktienspekulation aufgebauten Privatvorsorge. Dass unser Pensionsystem aufgrund der demographischen Entwicklung einer Reform unterzogen werden musste stelle ich auch nicht in Abrede, was ich verlange ist lediglich ein f\u00fcr die gesamte \u00f6sterreichische Bev\u00f6lkerung gerechtes Pensionssystem. Und da haben Privilegien in gewissen gesch\u00fctzten Bereichen, wie auch in meinen letzten Beitrag angef\u00fchrt, nichts veloren.<\/p>\n<p>Was ich Gehrer in ihrer letzten Wortmeldung vorwerfe ist, den oftmals zitierten Generationenkonflikt mutwillig heraufbeschworen zu haben. Nat\u00fcrlich gibt es kinderlose Singles, solche hat es prinzipiell aber auch schon in fr\u00fcheren Jahren gegeben. Diese aber als Schuldige f\u00fcr den Weltuntergang darzustellen ist f\u00fcr ein Regierungsmitglied nicht w\u00fcrdig. Die Wertevorstellung der Ministerin ist kein gro\u00dfes Geheimnis, entschuldigt aber nicht die verbale Entgleisung, dass &#8222;die Jungen&#8220; lediglich verantwortungslos &#8222;von Party zu Party rauschen&#8220;. Ebenso w\u00fcrde es einen Aufschrei geben, wenn man ungerechtfertigterweise meinen w\u00fcrde, die Pensionisten sollten den Winter nicht auf Mallorca, sondern zu Hause verbringen. Die Mindestrentnerin w\u00fcrde sich \u00fcber eine solche Aussage sicher freuen.<\/p>\n<p>Letztendlich hat die Partei, deren Vizeobfrau Liesl Gehrer ist, soebene eine Pensionsreform beschlossen, die gerade der angefeindeten j\u00fcngeren Generation massive Einbussen beschert. Eine Beschimpfung der harmonikaspielenden Ministerin hat sich die Generation, wie ich glaube, nicht wirklich verdient.<\/p>\n<p>Elisabeth Gehrer, Jahrgang 1942, somit also \u00e4ltestes Regierungsmitglied der Regierung Sch\u00fcssel II, oftmals auch als &#8222;Grand Dame&#8220; der \u00d6VP betitelt, wird wohl der n\u00e4chsten Regierung &#8211; wie immer diese aussieht &#8211; pensionsbedingt nicht mehr angeh\u00f6ren. Gerade noch rechtzeitig versuchte Gr\u00e4fin Mensdorff alias Maria Rauch-Kallat schadensbegr\u00e4nzung zu betreiben. Sie verg\u00f6nne dankenswerterweise der jungen Generation &#8222;von Party zu Party zu ziehen&#8220;, danach solle sie aber ihrer Verantwortung nachkommen. Gleich nach der Party &#8230;<\/p>\n<p>Pedro<\/p>\n","protected":false},"excerpt":{"rendered":"<p>&Uuml;ber das sonst so legend&auml;re Sommerloch k&ouml;nnen sich die &ouml;sterreichischen Medien heuer wahrlich nicht beklagen. Begonnen hatte alles mit der &#8230; <\/p>\n<p class=\"read-more-container\"><a title=\"Sommerloch &#8211; Ansichtssache\" class=\"read-more button\" href=\"https:\/\/www.bohnenzeitung.com\/wp\/sommerloch-ansichtssache\/#more-17379\" aria-label=\"Mehr Informationen \u00fcber Sommerloch &#8211; Ansichtssache\">Weiter<\/a><\/p>\n","protected":false},"author":1,"featured_media":28639,"comment_status":"open","ping_status":"open","sticky":false,"template":"","format":"standard","meta":{"footnotes":""},"categories":[18],"tags":[],"class_list":["post-17379","post","type-post","status-publish","format-standard","has-post-thumbnail","hentry","category-ansichtssache","generate-columns","tablet-grid-50","mobile-grid-100","grid-parent","grid-50","resize-featured-image"],"post_mailing_queue_ids":[],"_links":{"self":[{"href":"https:\/\/www.bohnenzeitung.com\/wp\/wp-json\/wp\/v2\/posts\/17379","targetHints":{"allow":["GET"]}}],"collection":[{"href":"https:\/\/www.bohnenzeitung.com\/wp\/wp-json\/wp\/v2\/posts"}],"about":[{"href":"https:\/\/www.bohnenzeitung.com\/wp\/wp-json\/wp\/v2\/types\/post"}],"author":[{"embeddable":true,"href":"https:\/\/www.bohnenzeitung.com\/wp\/wp-json\/wp\/v2\/users\/1"}],"replies":[{"embeddable":true,"href":"https:\/\/www.bohnenzeitung.com\/wp\/wp-json\/wp\/v2\/comments?post=17379"}],"version-history":[{"count":0,"href":"https:\/\/www.bohnenzeitung.com\/wp\/wp-json\/wp\/v2\/posts\/17379\/revisions"}],"wp:featuredmedia":[{"embeddable":true,"href":"https:\/\/www.bohnenzeitung.com\/wp\/wp-json\/wp\/v2\/media\/28639"}],"wp:attachment":[{"href":"https:\/\/www.bohnenzeitung.com\/wp\/wp-json\/wp\/v2\/media?parent=17379"}],"wp:term":[{"taxonomy":"category","embeddable":true,"href":"https:\/\/www.bohnenzeitung.com\/wp\/wp-json\/wp\/v2\/categories?post=17379"},{"taxonomy":"post_tag","embeddable":true,"href":"https:\/\/www.bohnenzeitung.com\/wp\/wp-json\/wp\/v2\/tags?post=17379"}],"curies":[{"name":"wp","href":"https:\/\/api.w.org\/{rel}","templated":true}]}}