{"id":18344,"date":"2005-01-17T13:40:35","date_gmt":"2005-01-17T13:40:35","guid":{"rendered":"http:\/\/www.bohnenzeitung.com\/2005\/01\/bohnenzeitung-com-127\/"},"modified":"2022-10-04T04:59:00","modified_gmt":"2022-10-04T02:59:00","slug":"bohnenzeitung-com-127","status":"publish","type":"post","link":"https:\/\/www.bohnenzeitung.com\/wp\/bohnenzeitung-com-127\/","title":{"rendered":"bohnenzeitung.com"},"content":{"rendered":"<p>      <b>     \u00a0<a href=\"https:\/\/www.bohnenzeitung.com\">Home<\/a>     Kolumnen     Kritisch betrachtet      <\/b>        <\/p>\n<p><b>28.09.2005,          \u00a9     <a href=\"mailto:vivienne@bohnenzeitung.com\">     Vivienne<\/a><\/b><\/p>\n<p>  <\/p>\n<p><b> Die Tragik der Angela Merkel<\/b><\/p>\n<p> Vorab: parteipolitisch engagiere ich mich schon l\u00e4nger f\u00fcr  keine Partei mehr, weder im In- noch im Ausland. Was zwar nicht ausschlie\u00dft, das  ich nach wie vor ein sehr politischer Mensch bin, aber nicht notwendigerweise  einschlie\u00dft, dass ich nach meinem Bruch mit \u0084Links\u0093 pl\u00f6tzlich zu den  Konservativen gewechselt w\u00e4re. Das trifft mit Sicherheit nicht zu, und wenn ich  heute die Person der Angela Merkel aus meiner Sichtweise durchleuchte, dann  aufgrund einer gewissen Tragik, die diese zweifellos hoch intelligente Frau  umgibt. Nach dem Wahlergebnis vom 18. September noch viel mehr, m\u00f6chte ich  meinen, da Angela Merkel schlie\u00dflich als Kanzlerkandidatin der klar  favorisierten Union ins Rennen gegangen war.<\/p>\n<p> Selbst Alice Schwarzer, die zweifellos als letzte dem  schwarzen Lager zuzurechnen ist, hat sich klar f\u00fcr eine Kanzlerin Merkel  ge\u00e4u\u00dfert und darin auch die Chance und die Symbolwirkung gesehen, die sie damit  f\u00fcr die Frauenbewegung an sich inne gehabt h\u00e4tte. Unabh\u00e4ngig davon n\u00e4mlich, von  welcher politischer Seite Merkel kommt. Einmal abgesehen davon, dass wir mit  Sicherheit noch absehbare Zeit mit keiner Kanzlerkandidatin aus dem roten  Spektrum rechnen d\u00fcrfen, weil im Sozialismus meiner Meinung nach versteckt aber  doch bemerkbar sehr viel m\u00e4nnlicher Chauvinismus steckt: durch diese Einstellung  bzw. Erkenntnis hat die Paradefeministin Schwarzer viele Angriffe hinnehmen  m\u00fcssen, und das ist wirklich bemerkenswert.<\/p>\n<p> Aber zur\u00fcck zu Angela Merkel: So fest wie nach ihrer  Wiederbest\u00e4tigung nach der Wahl ist die Pastorentochter, die im ehemaligen Osten  aufgewachsen ist, nie im Sattel gesessen, obwohl gerade auch in dieser  Vergangenheit eine gro\u00dfe Chance f\u00fcr das de facto noch immer zwei geteilte  Deutschland zu finden ist. Zwei geteilt, da im Grunde nur die Grenzen zwischen  beiden deutschen Nationen gel\u00f6scht worden sind, aber sicher nicht die  eigentliche Trennung nach Wirtschaft, nach Vorurteilen oder Ablehnung. Aber die  gro\u00dfen, konservativen Herren in der Union sind nun mal alle Katholiken, und was  ein echter Katholik ist, sieht der erstens am liebsten einen anderen Katholiken  an der Spitze der Partei und des Landes und zweitens nat\u00fcrlich einen Mann.<\/p>\n<p> Bewundernswert, dass es Angela Merkel trotzdem so weit in  der Union gebracht hat, \u0084obwohl sie in der Mensa immer allein sa\u00df\u0093, wie ihr eine  SPD-Politikerin v\u00f6llig unsachlich nach der Wahlschlappe vorwarf. Diesen Vorsto\u00df  besagter Dame kann man \u0096 gleich welche politischer Couleur \u0096 nur als  letztklassig und v\u00f6llig unangebracht zur\u00fcckweisen. Zweifellos wirkt Angela  Merkel etwas kalt und nicht besonders herzlich, das habe ich selber schon im  Verlauf des Wahlkampfs \u00fcber sie geschrieben. Man kann sie auch nicht unbedingt  als eine \u0084F\u00fchrungspers\u00f6nlichkeit\u0093 bezeichnen, die die Massen zu begeistern wei\u00df  und um sich schart. Im Gegensatz zu ihrem Rivalen Gerd Schr\u00f6der, der die  Menschen zwar einerseits polarisiert, aber andererseits auch in helle  Begeisterung versetzen kann.<\/p>\n<p> All diese Dinge \u0096 neben dem eigenen schlechten Stand in der  Partei \u0096 haben sich bei der Wahl als Fallstricke erwiesen. Letztlich haben die  Deutschen lieber die FDP gew\u00e4hlt als eine Stimme mit Signalwirkung f\u00fcr die Union  abzugeben. Ich finde es immer wieder seltsam, dass es offenbar in einem Land wie  der T\u00fcrkei einfacher ist, einen weiblichen Staatschef zu bekommen (den es de  facto schon gegeben hat) als in einer westlichen Demokratie wie Deutschland. Ich  f\u00fcrchte ehrlich gesagt, dass Angela Merkel nicht Bundeskanzlerin werden wird.  Ich f\u00fcrchte, das Land ist noch nicht reif zu einer derartigen Entwicklung, und  nicht reif dazu, die Mauern zu den ehemaligen Ostl\u00e4ndern abzubauen. Schade,  Angela Merkel h\u00e4tte in die Position einer starken Symbolfigur daf\u00fcr wachsen  k\u00f6nnen. Aber ob nun Schr\u00f6der sich doch durchsetzt oder von der Union ein  Kompromisskanzler in einer gro\u00dfen Koalition aus dem Hut gezaubert wird: Hier  wurde eine gro\u00dfe Chance ausgelassen\u0085<\/p>\n<p> Vivienne<\/p>\n<p>\u00a0<\/p>\n<p>\u00a0<\/p>\n<p>\u00a0<\/p>\n<p><b>     \u00a0Redakteure      stellen sich vor: Vivienne\u00a0\u00a0\u00a0\u00a0\u00a0\u00a0\u00a0     <br \/>     \u00a0Alle Beitr\u00e4ge von      Vivienne<\/b><\/p>\n","protected":false},"excerpt":{"rendered":"<p>&nbsp;Home Kolumnen Kritisch betrachtet 28.09.2005, &copy; Vivienne Die Tragik der Angela Merkel Vorab: parteipolitisch engagiere ich mich schon l&auml;nger f&uuml;r &#8230; <\/p>\n<p class=\"read-more-container\"><a title=\"bohnenzeitung.com\" class=\"read-more button\" href=\"https:\/\/www.bohnenzeitung.com\/wp\/bohnenzeitung-com-127\/#more-18344\" aria-label=\"Mehr Informationen \u00fcber bohnenzeitung.com\">Weiter<\/a><\/p>\n","protected":false},"author":6,"featured_media":28639,"comment_status":"open","ping_status":"open","sticky":false,"template":"","format":"standard","meta":{"footnotes":""},"categories":[11],"tags":[],"class_list":["post-18344","post","type-post","status-publish","format-standard","has-post-thumbnail","hentry","category-kritisch-betrachtet","generate-columns","tablet-grid-50","mobile-grid-100","grid-parent","grid-50","resize-featured-image"],"post_mailing_queue_ids":[],"_links":{"self":[{"href":"https:\/\/www.bohnenzeitung.com\/wp\/wp-json\/wp\/v2\/posts\/18344","targetHints":{"allow":["GET"]}}],"collection":[{"href":"https:\/\/www.bohnenzeitung.com\/wp\/wp-json\/wp\/v2\/posts"}],"about":[{"href":"https:\/\/www.bohnenzeitung.com\/wp\/wp-json\/wp\/v2\/types\/post"}],"author":[{"embeddable":true,"href":"https:\/\/www.bohnenzeitung.com\/wp\/wp-json\/wp\/v2\/users\/6"}],"replies":[{"embeddable":true,"href":"https:\/\/www.bohnenzeitung.com\/wp\/wp-json\/wp\/v2\/comments?post=18344"}],"version-history":[{"count":0,"href":"https:\/\/www.bohnenzeitung.com\/wp\/wp-json\/wp\/v2\/posts\/18344\/revisions"}],"wp:featuredmedia":[{"embeddable":true,"href":"https:\/\/www.bohnenzeitung.com\/wp\/wp-json\/wp\/v2\/media\/28639"}],"wp:attachment":[{"href":"https:\/\/www.bohnenzeitung.com\/wp\/wp-json\/wp\/v2\/media?parent=18344"}],"wp:term":[{"taxonomy":"category","embeddable":true,"href":"https:\/\/www.bohnenzeitung.com\/wp\/wp-json\/wp\/v2\/categories?post=18344"},{"taxonomy":"post_tag","embeddable":true,"href":"https:\/\/www.bohnenzeitung.com\/wp\/wp-json\/wp\/v2\/tags?post=18344"}],"curies":[{"name":"wp","href":"https:\/\/api.w.org\/{rel}","templated":true}]}}