{"id":29467,"date":"2015-05-26T17:31:39","date_gmt":"2015-05-26T15:31:39","guid":{"rendered":"https:\/\/www.bohnenzeitung.com\/wp\/?p=29467"},"modified":"2021-06-01T17:33:45","modified_gmt":"2021-06-01T15:33:45","slug":"gesunder-egoismus-blickwinkel","status":"publish","type":"post","link":"https:\/\/www.bohnenzeitung.com\/wp\/gesunder-egoismus-blickwinkel\/","title":{"rendered":"Gesunder Egoismus &#8211; Blickwinkel"},"content":{"rendered":"<p><strong>Von Freunden wurde mir in Zusammenhang mit meiner psychischen Verfassung vereinzelt das Fehlen eines &#8222;gesunden Egoismus&#8220; nachgesagt. Kann da etwas dran sein &#8230;?<\/strong><\/p>\n<p>Der Begriff des Egoismus ist aus meiner Sicht keinesfalls positiv belegt und betitelt die Charaktereigenschaft von Menschen, die nur auf sich selbst bezogen leben und die Bed\u00fcrfnisse der anderen nicht ausreichend ber\u00fccksichtigen wollen. Es gibt aber keine exakte Definition ab welchem Zeitpunkt zu viel oder zu wenig auf sich selbst geachtet wird, da diese Beurteilung auch Ermessenssache ist. Dann trifft man fallweise auf Zeitgenossen, die verk\u00fcnden dass sie stolz darauf w\u00e4ren sich als Egoisten bezeichnen zu k\u00f6nnen. Jene Menschen sind mir seit jeher suspekt, sollen aber auch nicht das Thema dieses Beitrages sein.<\/p>\n<p>Ich habe in einem ersten Schritt den Versuch unternommen im Internet herauszufinden, was die Psychologie denn unter dem sogenannten &#8222;<strong>gesunden Egoismus<\/strong>&#8220; verstehen w\u00fcrde.<\/p>\n<ul>\n<li><em>&#8222;An sich selbst zu glauben und das Leben zu f\u00fchren, das man f\u00fchren will, ist eine Form von gesundem Egoismus.&#8220;<\/em> (lt. <a href=\"http:\/\/www.psychotipps.com\/selbstverwirklichung-egoismus.html\">psychotipps.com<\/a>)<\/li>\n<li><em>&#8222;Immer wach und aufmerksam sein, was die eigene Motivation angeht. Mache ich etwas, weil ich einen Vorteil f\u00fcr mich erhoffe? Dann ist das der falsche Egoismus.&#8220;<\/em> (lt. <a href=\"http:\/\/www.evidero.de\/gesunder-egoismus\">evidero.de<\/a>)<\/li>\n<li><em>&#8222;Manchmal ist es aber sehr hilfreich, einen gesunden Egoismus zu entwickeln, denn wer nie an sich selbst denkt, sondern immer nur an andere Menschen, l\u00e4uft Gefahr, irgendwann auf der Strecke zu bleiben.&#8220;<\/em> (lt. <a href=\"http:\/\/www.paradisi.de\/Freizeit_und_Erholung\/Gesellschaft\/Egoismus\/Artikel\/13876.php\">paradisi.de<\/a>)<\/li>\n<\/ul>\n<p>Den vorgestellten Botschaften m\u00f6chte ich eigentlich grunds\u00e4tzlich nichts entgegenhalten. Ansprechend empfinde ich vorallem die Aussage, dass eine Gesellschaft das Vorhandensein sozial gesunder Individuen erfordert.<\/p>\n<p>Wie kommen nun aber Menschen, die mich durchaus gut kennen, darauf bei mir einen fehlenden gesunden Egoismus zu erkennen? Es gibt nat\u00fcrlich keinerlei exakte Abgrenzung innerhalb des egoistischen Spektrums. Im Grunde genommen meine ich sogar, dass dies jeder auf seine Art ein wenig anders sehen wird. Ich glaube zwar nicht, dass ich &#8222;nur f\u00fcr andere&#8220; lebe, aber ich bin nicht in der Lage einen Konflikt auszutragen und ziehe mich aufgrund meines friedvollen Wesens oftmals sehr rasch zur\u00fcck. Weiters gestehe ich ein, dass es mir wichtig ist wie ich in der Gesellschaft wahrgenommen werde. Durchaus problematisch k\u00f6nnte es bei der Frage werden, wiesehr ich zu &#8222;meinem Ich&#8220; stehe und welche Hintergr\u00fcnde sich hinter den sozialen Mankos verbergen. Die von mir ungewollt nach Au\u00dfen gelebte Fassade des vermeintlich selbstsicheren Pragmatikers entspricht keinesfalls der Realit\u00e4t.<\/p>\n<p>Nat\u00fcrlich war ich in meinem Leben schon des \u00f6fteren mit Menschen konfrontiert, die in selbstverliebter und narzisstischer Form ihren eigenen Vorteil auf ein Podest gestellt haben. Dazu geh\u00f6rt oftmals auch das ausn\u00fctzen anderer Menschen und r\u00fccksichtloses agieren. Nur allzu gerne werden von den handelnden Personen dabei die Fakten verdreht um sich selbst keinen Vorwurf ausetzen zu m\u00fcssen. Nicht selten habe ich mitgespielt, wenn andere ihre Interessen durchgesetzt und die meinen negiert haben.<\/p>\n<p>Auch wenn mich ein solche Verhalten innerlich w\u00fctend macht und meine Gedankenwelt belastet habe ich dies selten bis gar nicht zum Ausdruck gebracht. Um den Frieden zu wahren wird dann auch in Kauf genommen, dass man selbst den K\u00fcrzeren zieht. Hatte ich es in diesem Fall mit Egoismus oder gesundem Egoismus zutun? Ich denke wohl doch, dass es eindeutig ersteres war &#8230;<\/p>\n<p>Ich verstehe die Aussage meiner Freunde durchaus und m\u00f6chte mich mit der Frage des gesunden Egoismus im Zuge der Psychotherapie auseinandersetzen. Es kann und darf nicht darauf hinauslaufen, dass ich dann jene Charaktereigenschaften annehme, die ich derzeit verurteile. Aber es ist wichtig die soziale Balance wieder herzustellen. In einem ersten Schritt wird es notwendig sein auf die Unstimmigkeiten hinzuweisen und zu ihnen zu stehen.<\/p>\n<p>Pedro<\/p>\n","protected":false},"excerpt":{"rendered":"<p>Von Freunden wurde mir in Zusammenhang mit meiner psychischen Verfassung vereinzelt das Fehlen eines &#8222;gesunden Egoismus&#8220; nachgesagt. Kann da etwas dran sein &#8230;? <\/p>\n<p class=\"read-more-button-container\"><a class=\"button\" href=\"https:\/\/www.bohnenzeitung.com\/wp\/gesunder-egoismus-blickwinkel\/\">Weiter<\/a><\/p>\n","protected":false},"author":1,"featured_media":28654,"comment_status":"open","ping_status":"open","sticky":false,"template":"","format":"standard","meta":{"footnotes":""},"categories":[448],"tags":[],"class_list":["post-29467","post","type-post","status-publish","format-standard","has-post-thumbnail","hentry","category-blickwinkel","generate-columns","tablet-grid-50","mobile-grid-100","grid-parent","grid-50","resize-featured-image"],"post_mailing_queue_ids":[],"_links":{"self":[{"href":"https:\/\/www.bohnenzeitung.com\/wp\/wp-json\/wp\/v2\/posts\/29467","targetHints":{"allow":["GET"]}}],"collection":[{"href":"https:\/\/www.bohnenzeitung.com\/wp\/wp-json\/wp\/v2\/posts"}],"about":[{"href":"https:\/\/www.bohnenzeitung.com\/wp\/wp-json\/wp\/v2\/types\/post"}],"author":[{"embeddable":true,"href":"https:\/\/www.bohnenzeitung.com\/wp\/wp-json\/wp\/v2\/users\/1"}],"replies":[{"embeddable":true,"href":"https:\/\/www.bohnenzeitung.com\/wp\/wp-json\/wp\/v2\/comments?post=29467"}],"version-history":[{"count":1,"href":"https:\/\/www.bohnenzeitung.com\/wp\/wp-json\/wp\/v2\/posts\/29467\/revisions"}],"predecessor-version":[{"id":29468,"href":"https:\/\/www.bohnenzeitung.com\/wp\/wp-json\/wp\/v2\/posts\/29467\/revisions\/29468"}],"wp:featuredmedia":[{"embeddable":true,"href":"https:\/\/www.bohnenzeitung.com\/wp\/wp-json\/wp\/v2\/media\/28654"}],"wp:attachment":[{"href":"https:\/\/www.bohnenzeitung.com\/wp\/wp-json\/wp\/v2\/media?parent=29467"}],"wp:term":[{"taxonomy":"category","embeddable":true,"href":"https:\/\/www.bohnenzeitung.com\/wp\/wp-json\/wp\/v2\/categories?post=29467"},{"taxonomy":"post_tag","embeddable":true,"href":"https:\/\/www.bohnenzeitung.com\/wp\/wp-json\/wp\/v2\/tags?post=29467"}],"curies":[{"name":"wp","href":"https:\/\/api.w.org\/{rel}","templated":true}]}}