{"id":29796,"date":"2021-09-13T06:16:48","date_gmt":"2021-09-13T04:16:48","guid":{"rendered":"https:\/\/www.bohnenzeitung.com\/wp\/?p=29796"},"modified":"2021-09-13T06:17:12","modified_gmt":"2021-09-13T04:17:12","slug":"pandemisches-geschnattere-tonis-o-ton","status":"publish","type":"post","link":"https:\/\/www.bohnenzeitung.com\/wp\/pandemisches-geschnattere-tonis-o-ton\/","title":{"rendered":"Pandemisches Geschnattere? &#8211; Tonis O-Ton"},"content":{"rendered":"<p>Tja Pandemie! Kann es denn sein, dass es in sogenannten zivilisierten Gesellschaften einen \u00dcbermut des Gelingens gibt, der im Augenblick der Gefahr in die genau andere Richtung umkippt? Ja doch, wir leben mit ganz wenigen Ausnahmen alle in sehr geordneten Verh\u00e4ltnissen. Von der Wiege an die Bahre\u2026! Nun gut, Formulare ebnen uns ja auch die Wege, und wenn es mit der Digitalisierung weiter geht, werden wir demn\u00e4chst auf Engelsfl\u00fcgeln davongetragen.<br \/>\nEs geht uns gut. Und dann, auf einmal zwingt uns der Staat, uns unserer Privilegien zu besinnen? Ja wer bin denn ich, der gezwungenerma\u00dfen sich nur noch maskiert unter Seinesgleichen zu mischen hat?<\/p>\n<p>In genau diesen gutstrukturierten Gesellschaften wie der Europ\u00e4ischen Gemeinschaft, Gro\u00dfbritannien, den USA und sogar Russland gehen die Menschen viel eher auf die Stra\u00dfe und br\u00fcllen teilweise ihre Ver\u00e4rgerung hinaus und bezeichnen sich als versklavte Wesen, einer b\u00f6sen Diktatur unterworfen? Russland g\u00e4be dabei noch das zutreffendste Beispiel ab.<br \/>\nNun gut, Diktaturen erkennt man zuv\u00f6rders daran, dass niemand auf der Stra\u00dfe seine Versklavung laut schreiend beklagt.<br \/>\nWarum denn dann bei uns?<\/p>\n<p>Ja, das mag daran liegen, dass es eben keine Diktatur ist, die uns vor der Pandemie zu sch\u00fctzen versucht, und uns daher nur einige nicht wirklich der Versklavten der Versklavung zeihen.<br \/>\nNur, wenn dem so seie, warum denn dann nur?<br \/>\nJa der Mensch ist normalerweise ein ganz Friedlicher, normalerweise!<br \/>\nUnd unnormalerweise? Ist er ein verdammt ichbezogener Egoist!<\/p>\n<p>Der bl\u00f6de Nachbar f\u00e4hrt einen 2 Literbenz, ich nen ollen Zafira. Seine Schlampe tr\u00e4gt Markenschuhe, meine S\u00fc\u00dfe die vom Aldi!<br \/>\nJa, verdammt, die Welt kann so ungerecht sein!<br \/>\nIn der Pandemie, der von solchen Ochsen wie Karl Lauterbach oder Jens Spahn oder Christian Drosten ausgerufenen Pandemie, kommt einem doch sofort die Galle hoch und man wird sich seiner ganz eigenen Unzul\u00e4nglichkeit bewusst, die es bislang verhinderte, doch auch nur einmal im Leben so richtig die Sau rauszulassen. Gemeinhin spricht man von diesen gesch\u00e4tzt 10 bis 15% der B\u00fcrger als den Randst\u00e4ndigen, den Abgeh\u00e4ngten, also Fringe!<\/p>\n<p>Was nimmt man denn dann wohl, um sein M\u00fctchen zu k\u00fchlen?<br \/>\nMan nimmt es beispielsweise inkauf, dass sich zu den Verunsicherten, den von Lauterbach und Drosten Gewarnten und von Spahn geg\u00e4ngelten Wutb\u00fcrgern auch noch das von der Deutschen Vergangenheit vergilbte Proletariat der Reichsb\u00fcrger, ein Anarchisten-P\u00f6bel als auch die Ewiggestrigen mit der Todessehnsucht eines seinerzeit aus dem Lande der KundK-Monarchen ins Reich eingedrungenen Vollidioten namens Albertus Hinkelstein hinzugesellen.<\/p>\n<p>\u201eDiktatur!\u201c<br \/>\n\u201eMerkel muss weg!\u201c<br \/>\n\u201ePutin komm, befreie uns!\u201c<br \/>\n\u201eDonald Trump ist immer noch Pr\u00e4sident!\u201c<br \/>\n\u201eKeine Impfungen f\u00fcr Niemand!\u201c<br \/>\n\u201eIch will ein wei\u00dfes Pony!\u201c<\/p>\n<p>Und genau solche W\u00fcnsche werden von den sich selber als Sklaven bezeichnenden auf \u201eFriedensdemos\u201c oder auch \u201eFriedensspazierg\u00e4nge\u201c oder auch als \u201e1. August-Aufmarsch f\u00fcr das Grundgesetz\u201c oder auch \u201eam 28. August f\u00e4llt das Regime und wir st\u00fcrmen den Reichstag\u201c laut hinausgebr\u00fcllt!<br \/>\nDabei f\u00e4llt dem nur Beobachtenden auf, dass zu den Reichskriegsfahnen, der Russischen Trikolore auch noch die Querdenker sozusagen den Gedanken einer Diktatur weit von sich weisen. Denn, das Wesen einer Diktatur l\u00e4sst solches Aufbegehren schon im Grundsatz garnicht zu!<br \/>\nDas Wesen einer Diktatur verhindert schon im Ansatz eine wie auch immer geartete Opposition durch daf\u00fcr geeignete Ma\u00dfnahmen.<\/p>\n<p>Aufm\u00e4rsche werden nicht gestattet. Eine strenge auf das Diktat ausgerichte \u201eRechtssprechung\u201c und dazu eine nicht nur \u201eVerbalmacht\u201c weiss ganz genau welche Ma\u00dfnahmen zu ergreifen sind damit bei z.B. Wahlen nicht der Eindruck von Rechtm\u00e4\u00dfigkeit aufkommt!<br \/>\nGanz besonders rabiate Forderer der allgemeinen Menschenrechte und ihre Anh\u00e4nger werden bezeiten \u201eabgefischt\u201c und in d\u00fcsteren Bunkern endgelagert oder zumindest f\u00fcr geraume Zeit dort untergebracht.<br \/>\nDas Beispiel Putin-Russland, Belarus, Nordkorea und nicht wenige Arabische F\u00fcrstent\u00fcmer geben f\u00fcr Diktaturen sehr sch\u00f6ne Beispiele ab! Und trotzdem werden die Schreih\u00e4lse bei den Aufm\u00e4rschen in unseren St\u00e4dten rund um die sich selber \u201eQuerdenker\u201c Nennenden, nicht eines Besseren belehrt!<\/p>\n<p>Woran mag das liegen, dass sogar einem Tanzenden Derwisch namens Donald Trump hier die Aufwartung, wenn auch nur idealisiert, gemacht wird wohl wissend, dass gerade dieser Pr\u00e4sident der Amerikaner alles andere als rechtschaffen demokratisch sein will?<br \/>\n\u201eWir sind das Volk!\u201c schreien einige Leutchen nicht ganz unberechtigt. Wobei, allerdings dem Umstand Rechnung gegeben werden muss, dass diese Schreih\u00e4lse h\u00f6chstens einer verschwindenden Minderheit den Anspruch \u00fcberst\u00fclpen k\u00f6nnen. Denn \u201eDas Volk\u201c sind wir nur in seiner Gesamtheit! Ein paar versprengte Nasen k\u00f6nnen sich h\u00f6chstens dem Volke zugeh\u00f6rig f\u00fchlen.<\/p>\n<p>\u201eWir sind der Souver\u00e4n!\u201c, eine andere Frechheit der Schreih\u00e4lse trifft ebenso nicht wirklich zu. Wenn gew\u00e4hlt wird gibt man seiner Stimme die Richtung vor, nachder die damit Beauftragten uns das Leben mehr oder minder luxuri\u00f6s zu gestalten haben.<br \/>\nNix ist also mit dem Haufen Versprengter die sich die Frechheit nehmen, uns ihre stinkenden Socken in den Mund zu stopfen, auf dass wir ihnen irgendwelche Forderungen zu erf\u00fcllen haben.<br \/>\nJa dieses Lumpenproletariat nimmt sich viel heraus, wof\u00fcr es in einer der origin\u00e4ren Diktaturen Backenz\u00e4hnebohren ohne vorherige Schmerz-Spritzen zu gew\u00e4rtigen h\u00e4tten.<br \/>\nUnd weshalb das alles?<\/p>\n<p>Pandemie und der Kampf der Mediziner gegen ein sich st\u00e4ndig wandelndes Virus mit der kryptischen Namensfindung Covid oder landl\u00e4ufig Corona ist im Grunde nur der Aufh\u00e4nger f\u00fcr Krawall und Zusammenrottung.<br \/>\nSeltsam genug, dass gerade in der L\u00f6sung des Problems das Aufkeimen des pandemischen Gebl\u00e4res zu finden ist.<br \/>\nUnd es gibt sie, die Geheimwaffe, unspektakul\u00e4r Impfung genannt!<\/p>\n<p>\u00a9 chefschlumpf im Jahre 2 der Pandemie<\/p>\n","protected":false},"excerpt":{"rendered":"<p>Tja Pandemie! Kann es denn sein, dass es in sogenannten zivilisierten Gesellschaften einen &Uuml;bermut des Gelingens gibt, der im Augenblick &#8230; <\/p>\n<p class=\"read-more-container\"><a title=\"Pandemisches Geschnattere? &#8211; Tonis O-Ton\" class=\"read-more button\" href=\"https:\/\/www.bohnenzeitung.com\/wp\/pandemisches-geschnattere-tonis-o-ton\/#more-29796\" aria-label=\"Mehr Informationen \u00fcber Pandemisches Geschnattere? &#8211; Tonis O-Ton\">Weiter<\/a><\/p>\n","protected":false},"author":80,"featured_media":28654,"comment_status":"open","ping_status":"open","sticky":false,"template":"","format":"standard","meta":{"footnotes":""},"categories":[20],"tags":[],"class_list":["post-29796","post","type-post","status-publish","format-standard","has-post-thumbnail","hentry","category-tonis-o-ton","generate-columns","tablet-grid-50","mobile-grid-100","grid-parent","grid-50","resize-featured-image"],"post_mailing_queue_ids":[],"_links":{"self":[{"href":"https:\/\/www.bohnenzeitung.com\/wp\/wp-json\/wp\/v2\/posts\/29796","targetHints":{"allow":["GET"]}}],"collection":[{"href":"https:\/\/www.bohnenzeitung.com\/wp\/wp-json\/wp\/v2\/posts"}],"about":[{"href":"https:\/\/www.bohnenzeitung.com\/wp\/wp-json\/wp\/v2\/types\/post"}],"author":[{"embeddable":true,"href":"https:\/\/www.bohnenzeitung.com\/wp\/wp-json\/wp\/v2\/users\/80"}],"replies":[{"embeddable":true,"href":"https:\/\/www.bohnenzeitung.com\/wp\/wp-json\/wp\/v2\/comments?post=29796"}],"version-history":[{"count":2,"href":"https:\/\/www.bohnenzeitung.com\/wp\/wp-json\/wp\/v2\/posts\/29796\/revisions"}],"predecessor-version":[{"id":29798,"href":"https:\/\/www.bohnenzeitung.com\/wp\/wp-json\/wp\/v2\/posts\/29796\/revisions\/29798"}],"wp:featuredmedia":[{"embeddable":true,"href":"https:\/\/www.bohnenzeitung.com\/wp\/wp-json\/wp\/v2\/media\/28654"}],"wp:attachment":[{"href":"https:\/\/www.bohnenzeitung.com\/wp\/wp-json\/wp\/v2\/media?parent=29796"}],"wp:term":[{"taxonomy":"category","embeddable":true,"href":"https:\/\/www.bohnenzeitung.com\/wp\/wp-json\/wp\/v2\/categories?post=29796"},{"taxonomy":"post_tag","embeddable":true,"href":"https:\/\/www.bohnenzeitung.com\/wp\/wp-json\/wp\/v2\/tags?post=29796"}],"curies":[{"name":"wp","href":"https:\/\/api.w.org\/{rel}","templated":true}]}}