{"id":30642,"date":"2019-10-30T11:47:19","date_gmt":"2019-10-30T10:47:19","guid":{"rendered":"https:\/\/www.bohnenzeitung.com\/wp\/?p=30642"},"modified":"2022-03-10T11:48:38","modified_gmt":"2022-03-10T10:48:38","slug":"ihre-sorgen-moechten-wir-haben-blickwinkel","status":"publish","type":"post","link":"https:\/\/www.bohnenzeitung.com\/wp\/ihre-sorgen-moechten-wir-haben-blickwinkel\/","title":{"rendered":"Ihre Sorgen m\u00f6chten wir haben &#8211; Blickwinkel"},"content":{"rendered":"<p><strong>Immer wieder muss ich im Alltag an den Werbeslogan eines bekannten \u00f6sterreichischen Versicherungskonzern denken.<br \/>\n<\/strong><\/p>\n<p>Anhand einiger Beispiele m\u00f6chte ich dies zu verdeutlichen versuchen &#8230;<\/p>\n<ul>\n<li>Bei einem Ausflug echauffiert sich X. in heftigen Worten, dass der <strong>Wetterbericht<\/strong> so manche Regenf\u00e4lle vorhergesagt h\u00e4tte und diese nun &#8211; vorerst &#8211; ausgeblieben seien.<\/li>\n<li>Im Aufzug spricht Nachbar Y. seinen Unmut aus, dass die Hausbetreuer eine quietschende Eingangst\u00fcre noch nicht bemerkt h\u00e4tten. Auf mein achselzuckendes &#8222;Ja &#8230;&#8220; wird mir <strong>fehlendes Feingef\u00fchl<\/strong> unterstellt.<\/li>\n<li>In einer Gesellschaft beklagt sich Z. \u00fcber sein Schicksal, dass er<strong> im Job lange Zeit nichts zu tun<\/strong> hatte. Mein Einwand, dass andere um ihren Job f\u00fcrchten m\u00fcssten, wird umgehend relativiert und ins l\u00e4cherliche gezogen.<\/li>\n<\/ul>\n<p>Diese Aufstellung lie\u00dfe sich gut fortsetzen. Ist das Selbstverliebtheit? Oder ist es &#8222;normal&#8220;, dass man sich so positioniert? F\u00fcr mich ist es jedenfalls eine nachhaltige Belastung, wenn ich es miterleben muss &#8230;<\/p>\n<p>Auch in der Psychotherapie waren die obigen beispielhaft vorgebrachten Situationen bereits ein Thema, da diese mein Verlangen nach einem <strong>sozialen R\u00fcckzug<\/strong> vorantreiben.<\/p>\n<p>Es liegt in meiner Natur, dass ich die Ursache f\u00fcr zwischenmenschliche Unstimmigkeiten vorrangig in meiner Person suche. Da ich eigene Probleme \u00e4u\u00dferst bedacht und auch nur in vertrauter Umgebung artikuliere offenbart sich in meinen Gedanken dann, dass &#8230;<\/p>\n<ul>\n<li>ich aus Sicht der Gesellschaft eigentlich keine Probleme h\u00e4tte<\/li>\n<li>ich auf die Probleme anderer nicht eingehen w\u00fcrde (&#8222;fehlendes Feingef\u00fchl&#8220;). Letztere Mi\u00dfinterpretation st\u00f6rt mich massiv, da ich Freunden stets gerne beistehe um einen konstruktiven Weg zu finden. Doch das Lamentieren \u00fcber Banalit\u00e4ten war und wird nie meine Sache sein &#8230;<\/li>\n<\/ul>\n<p>Die pers\u00f6nliche Herausforderung besteht darin, dass ich dies manchen Menschen auch klar vermitteln oder mich in letzter Konsequenz von ihnen fernhalten sollte.<\/p>\n<p>Pedro<\/p>\n","protected":false},"excerpt":{"rendered":"<p>Immer wieder muss ich im Alltag an den Werbeslogan eines bekannten &ouml;sterreichischen Versicherungskonzern denken. Anhand einiger Beispiele m&ouml;chte ich dies &#8230; <\/p>\n<p class=\"read-more-container\"><a title=\"Ihre Sorgen m\u00f6chten wir haben &#8211; Blickwinkel\" class=\"read-more button\" href=\"https:\/\/www.bohnenzeitung.com\/wp\/ihre-sorgen-moechten-wir-haben-blickwinkel\/#more-30642\" aria-label=\"Mehr Informationen \u00fcber Ihre Sorgen m\u00f6chten wir haben &#8211; Blickwinkel\">Weiter<\/a><\/p>\n","protected":false},"author":1,"featured_media":28654,"comment_status":"open","ping_status":"open","sticky":false,"template":"","format":"standard","meta":{"footnotes":""},"categories":[448],"tags":[],"class_list":["post-30642","post","type-post","status-publish","format-standard","has-post-thumbnail","hentry","category-blickwinkel","generate-columns","tablet-grid-50","mobile-grid-100","grid-parent","grid-50","resize-featured-image"],"post_mailing_queue_ids":[],"_links":{"self":[{"href":"https:\/\/www.bohnenzeitung.com\/wp\/wp-json\/wp\/v2\/posts\/30642","targetHints":{"allow":["GET"]}}],"collection":[{"href":"https:\/\/www.bohnenzeitung.com\/wp\/wp-json\/wp\/v2\/posts"}],"about":[{"href":"https:\/\/www.bohnenzeitung.com\/wp\/wp-json\/wp\/v2\/types\/post"}],"author":[{"embeddable":true,"href":"https:\/\/www.bohnenzeitung.com\/wp\/wp-json\/wp\/v2\/users\/1"}],"replies":[{"embeddable":true,"href":"https:\/\/www.bohnenzeitung.com\/wp\/wp-json\/wp\/v2\/comments?post=30642"}],"version-history":[{"count":1,"href":"https:\/\/www.bohnenzeitung.com\/wp\/wp-json\/wp\/v2\/posts\/30642\/revisions"}],"predecessor-version":[{"id":30643,"href":"https:\/\/www.bohnenzeitung.com\/wp\/wp-json\/wp\/v2\/posts\/30642\/revisions\/30643"}],"wp:featuredmedia":[{"embeddable":true,"href":"https:\/\/www.bohnenzeitung.com\/wp\/wp-json\/wp\/v2\/media\/28654"}],"wp:attachment":[{"href":"https:\/\/www.bohnenzeitung.com\/wp\/wp-json\/wp\/v2\/media?parent=30642"}],"wp:term":[{"taxonomy":"category","embeddable":true,"href":"https:\/\/www.bohnenzeitung.com\/wp\/wp-json\/wp\/v2\/categories?post=30642"},{"taxonomy":"post_tag","embeddable":true,"href":"https:\/\/www.bohnenzeitung.com\/wp\/wp-json\/wp\/v2\/tags?post=30642"}],"curies":[{"name":"wp","href":"https:\/\/api.w.org\/{rel}","templated":true}]}}