{"id":30671,"date":"2022-03-12T15:11:44","date_gmt":"2022-03-12T14:11:44","guid":{"rendered":"https:\/\/www.bohnenzeitung.com\/wp\/?p=30671"},"modified":"2022-03-12T15:11:44","modified_gmt":"2022-03-12T14:11:44","slug":"es-wird-fruehling-tagaus-tagein-2","status":"publish","type":"post","link":"https:\/\/www.bohnenzeitung.com\/wp\/es-wird-fruehling-tagaus-tagein-2\/","title":{"rendered":"Es wird Fr\u00fchling! &#8211; Tagaus, tagein\u2026"},"content":{"rendered":"<p>Strahlender Sonnenschein.<br \/>\nUnd die Wiese.<br \/>\nVor dem Schloss\u2026<br \/>\nF\u00e4rbt sich gr\u00fcn.<br \/>\nJeden Tag mehr!<br \/>\nDazu ein Sturm.<br \/>\nDer die B\u00e4ume wiegt.<br \/>\nUnd nat\u00fcrlich.<br \/>\nDie ersten\u2026<br \/>\nMotorradfahrer.<br \/>\nWas sonst!<br \/>\nLeicht melancholisch\u2026<br \/>\nBlicke ich.<br \/>\nAus dem Fenster.<br \/>\nIch bin angeschlagen.<br \/>\nSeit mehr\u2026<br \/>\nAls einer Woche.<br \/>\nUnd ein Spaziergang\u2026<br \/>\nW\u00fcrde mich\u2026<br \/>\nViel Kraft kosten\u2026<br \/>\nDie Katzen schlafen.<br \/>\nGanz friedlich.<br \/>\nSie genie\u00dfen.<br \/>\nMeine Anwesenheit.<br \/>\nSchlie\u00dflich.<br \/>\nIst es\u2026<br \/>\nDer erste Samstag.<br \/>\nSeit fast eineinhalb Jahren.<br \/>\nDen ich\u2026<br \/>\nDaheim verbringe.<br \/>\nKein Kuss.<br \/>\nVon meinem\u2026<br \/>\nLiebsten Menschen\u2026<br \/>\nKein Schwanzwedeln\u2026<br \/>\nVon Bruno, dem Hund.<br \/>\nDenn der K\u00f6rper\u2026<br \/>\nSignalisiert mir.<br \/>\nIch brauche\u2026<br \/>\nEine Pause.<br \/>\nZeit.<br \/>\nF\u00fcr mich alleine.<br \/>\nAuszeit.<br \/>\nVom Homeoffice.<br \/>\nDenn\u2026<br \/>\nDie letzten Wochen.<br \/>\nUnd Monate\u2026<br \/>\nWaren kr\u00e4fteraubend!<\/p>\n<p>Ich bin beunruhigt.<br \/>\nIch h\u00f6re den Wind.<br \/>\nDrau\u00dfen\u2026<br \/>\nBesser gesagt.<br \/>\nSein lautes Pfeifen.<br \/>\nTrotz des Verkehrs.<br \/>\nDer auf den Stra\u00dfen\u2026<br \/>\nRund um den Block\u2026<br \/>\nDahinrollt.<br \/>\nAuch das Radio\u2026<br \/>\n\u00dcbert\u00f6nt er\u2026<br \/>\nM\u00fchelos.<br \/>\nUnd die B\u00e4ume\u2026<br \/>\nSie zittern\u2026<br \/>\nIn seinem Sog\u2026<br \/>\nCherie springt.<br \/>\nAns Fenster.<br \/>\nBlickt hinaus.<br \/>\nNeugierig.<br \/>\nIch wei\u00df\u2026<br \/>\nWie gerne er\u2026<br \/>\nDrau\u00dfen\u2026<br \/>\nAuf Vogeljagd\u2026<br \/>\nGehen w\u00fcrde!<br \/>\nAber das\u2026<br \/>\nKann ich ihm\u2026<br \/>\nNicht bieten\u2026<\/p>\n<p>Ich muss\u2026<br \/>\nDie Pflanzen noch gie\u00dfen!<br \/>\nF\u00e4llt mir ein.<br \/>\nDas schaffe ich noch.<br \/>\nDieses Fr\u00fchjahr.<br \/>\nHat es in sich.<br \/>\nNicht nur\u2026<br \/>\nAuf der Welt.<br \/>\nKrieg und Pandemie.<br \/>\nKlimakrise.<br \/>\nAuch in meinem Leben.<br \/>\nFische Jupiter.<br \/>\nIn Opposition.<br \/>\nZu Pluto und Uranus.<br \/>\nGerade aktuell.<br \/>\nAber angeblich\u2026<br \/>\nBald ausgestanden\u2026<br \/>\nSo die Astro-Seite\u2026<br \/>\nOb ich es\u2026<br \/>\nGlauben kann?<br \/>\nIch trinke Kaffee.<br \/>\nWie gewohnt.<br \/>\nMein gr\u00f6\u00dfter Tr\u00f6ster.<br \/>\nIn der Not.<br \/>\nOhne Kaffee\u2026<br \/>\nW\u00e4re das Leben\u2026<br \/>\nNoch ein wenig schwieriger!<br \/>\nAber vielleicht\u2026<br \/>\nIst es auch nur\u2026<br \/>\nEine Kr\u00fccke.<br \/>\nRein psychologisch\u2026<br \/>\nDer Geschmack allein.<br \/>\nL\u00e4sst Ruhe einziehen.<br \/>\nIn mir\u2026<br \/>\nW\u00e4hrend der Sturm\u2026<br \/>\nDurch die Lande braust\u2026<br \/>\nUnd den Fr\u00fchling bringt!<\/p>\n<p>Vivienne\/Tagaus, tagein\u2026<\/p>\n","protected":false},"excerpt":{"rendered":"<p>Strahlender Sonnenschein. Und die Wiese. Vor dem Schloss&hellip; F&auml;rbt sich gr&uuml;n. Jeden Tag mehr! Dazu ein Sturm. Der die B&auml;ume &#8230; <\/p>\n<p class=\"read-more-container\"><a title=\"Es wird Fr\u00fchling! &#8211; Tagaus, tagein\u2026\" class=\"read-more button\" href=\"https:\/\/www.bohnenzeitung.com\/wp\/es-wird-fruehling-tagaus-tagein-2\/#more-30671\" aria-label=\"Mehr Informationen \u00fcber Es wird Fr\u00fchling! &#8211; Tagaus, tagein\u2026\">Weiter<\/a><\/p>\n","protected":false},"author":6,"featured_media":28654,"comment_status":"open","ping_status":"open","sticky":false,"template":"","format":"standard","meta":{"footnotes":""},"categories":[149],"tags":[461,402,560],"class_list":["post-30671","post","type-post","status-publish","format-standard","has-post-thumbnail","hentry","category-tagaus-tagein","tag-natur","tag-sonne","tag-wind","generate-columns","tablet-grid-50","mobile-grid-100","grid-parent","grid-50","resize-featured-image"],"post_mailing_queue_ids":[],"_links":{"self":[{"href":"https:\/\/www.bohnenzeitung.com\/wp\/wp-json\/wp\/v2\/posts\/30671","targetHints":{"allow":["GET"]}}],"collection":[{"href":"https:\/\/www.bohnenzeitung.com\/wp\/wp-json\/wp\/v2\/posts"}],"about":[{"href":"https:\/\/www.bohnenzeitung.com\/wp\/wp-json\/wp\/v2\/types\/post"}],"author":[{"embeddable":true,"href":"https:\/\/www.bohnenzeitung.com\/wp\/wp-json\/wp\/v2\/users\/6"}],"replies":[{"embeddable":true,"href":"https:\/\/www.bohnenzeitung.com\/wp\/wp-json\/wp\/v2\/comments?post=30671"}],"version-history":[{"count":1,"href":"https:\/\/www.bohnenzeitung.com\/wp\/wp-json\/wp\/v2\/posts\/30671\/revisions"}],"predecessor-version":[{"id":30672,"href":"https:\/\/www.bohnenzeitung.com\/wp\/wp-json\/wp\/v2\/posts\/30671\/revisions\/30672"}],"wp:featuredmedia":[{"embeddable":true,"href":"https:\/\/www.bohnenzeitung.com\/wp\/wp-json\/wp\/v2\/media\/28654"}],"wp:attachment":[{"href":"https:\/\/www.bohnenzeitung.com\/wp\/wp-json\/wp\/v2\/media?parent=30671"}],"wp:term":[{"taxonomy":"category","embeddable":true,"href":"https:\/\/www.bohnenzeitung.com\/wp\/wp-json\/wp\/v2\/categories?post=30671"},{"taxonomy":"post_tag","embeddable":true,"href":"https:\/\/www.bohnenzeitung.com\/wp\/wp-json\/wp\/v2\/tags?post=30671"}],"curies":[{"name":"wp","href":"https:\/\/api.w.org\/{rel}","templated":true}]}}