{"id":6835,"date":"2010-06-26T21:00:40","date_gmt":"2010-06-26T20:00:40","guid":{"rendered":"http:\/\/bohnenzeitung.com\/wp\/?p=6835"},"modified":"2010-06-26T21:00:40","modified_gmt":"2010-06-26T20:00:40","slug":"herbsttraumerei-feuerlilie","status":"publish","type":"post","link":"https:\/\/www.bohnenzeitung.com\/wp\/herbsttraumerei-feuerlilie\/","title":{"rendered":"Herbsttr\u00e4umerei &#8211; Gedankensplitter"},"content":{"rendered":"<p>Ein flauer Magen.<br \/>\nIch wei\u00df.<br \/>\nDas war der Kaffee gestern Nachmittag.<br \/>\nVom Kaffeeautomaten.<br \/>\nIch habe ihn nicht vertragen.<br \/>\nAber das geht vorbei\u2026<br \/>\nVorhin beim Spaziergang.<br \/>\nB\u00e4ume.<br \/>\nMit wunderbarem Laub.<br \/>\nAber auch ein Baumgerippe.<br \/>\nNovember.<br \/>\nUnd wenn er vorbei ist.<br \/>\nDann sind alle B\u00e4ume kahl\u2026<br \/>\nDie Sonne.<br \/>\nSie traut sich nicht.<br \/>\nSo habe ich das Gef\u00fchl.<br \/>\nWolkenschleier am Himmel.<br \/>\nWie zarte, kostbare Spitzen\u2026<br \/>\nSo viel Laub am Boden!<br \/>\nWie ein Teppich.<br \/>\nRotgolden.<br \/>\nSchwer.<br \/>\nDicht gewebt.<\/p>\n<p>Kein Nebel heute.<br \/>\nTage wie dieser.<br \/>\nSie werden selten sein.<br \/>\nDer November.<br \/>\nEr wirft schwere Netze aus.<br \/>\nUndurchdringlich.<br \/>\nDicht.<br \/>\nKeine Sonne.<br \/>\nKeine W\u00e4rme.<br \/>\nNur Schatten.<br \/>\nBizarr.<br \/>\nAngsteinfl\u00f6\u00dfend..<br \/>\nKeine einfache Zeit.<br \/>\nDarum stehe ich in der Sonne.<br \/>\nHeute.<br \/>\nBlinzle.<br \/>\nWie eine zufriedene Katze\u2026<br \/>\nIch rechne nach.<br \/>\nIn sechseinhalb Wochen ist Weihnachten.<br \/>\nVielleicht im Schnee.<br \/>\nVielleicht im Nebel\u2026<br \/>\nIch denke an gestern.<br \/>\nAn den Burschen im Rollstuhl.<br \/>\nUnd wie er meine Hand hielt\u2026<br \/>\nUnd mich anl\u00e4chelte\u2026<\/p>\n<p>Manchmal.<br \/>\nDa suche ich die Einsamkeit.<br \/>\nUnd neue Menschen.<br \/>\nIch lasse sie nur langsam in mein Leben.<br \/>\nSt\u00fcck f\u00fcr St\u00fcck.<br \/>\nMit anderen lache ich.<br \/>\nMache dumme Scherze.<br \/>\nTreibe Schabernack.<br \/>\nIch kann wieder lachen.<br \/>\nEs ist ein Genuss.<br \/>\nAber ich kann es nicht mit jedem\u2026<br \/>\nManche Wunden heilen nie.<br \/>\nMancher Traum zerbricht.<br \/>\nWie ein zartes St\u00fcck Porzellan.<br \/>\nAber dazwischen m\u00f6chte ich leben.<br \/>\nUnd lachen.<br \/>\nEin Wunder.<br \/>\nSo denke ich mir.<br \/>\nUnversehens.<br \/>\nDass ich sie \u00fcberstanden habe.<br \/>\nDie letzten zwei Jahre.<br \/>\nDas Leben ist anders geworden.<br \/>\nAber die wahren Freunde.<br \/>\nSie sind geblieben.<br \/>\nUnd trotz der Scherben.<br \/>\nDie meinen Weg pflastern.<br \/>\nIch k\u00f6nnte nicht zur\u00fcck.<br \/>\nIn das alte Leben.<br \/>\nNein.<br \/>\nNie.<br \/>\nAuch wenn ich wollte\u2026<br \/>\nDer Himmel ist so blau.<br \/>\nZart und seidig.<br \/>\nEr umspannt den Himmel.<br \/>\nEr umspannt mein Leben\u2026<\/p>\n<p>Vivienne\/Gedankensplitter<\/p>\n","protected":false},"excerpt":{"rendered":"<p>Ein flauer Magen. Ich wei&szlig;. Das war der Kaffee gestern Nachmittag. Vom Kaffeeautomaten. Ich habe ihn nicht vertragen. Aber das &#8230; <\/p>\n<p class=\"read-more-container\"><a title=\"Herbsttr\u00e4umerei &#8211; Gedankensplitter\" class=\"read-more button\" href=\"https:\/\/www.bohnenzeitung.com\/wp\/herbsttraumerei-feuerlilie\/#more-6835\" aria-label=\"Mehr Informationen \u00fcber Herbsttr\u00e4umerei &#8211; Gedankensplitter\">Weiter<\/a><\/p>\n","protected":false},"author":1,"featured_media":28639,"comment_status":"open","ping_status":"open","sticky":false,"template":"","format":"standard","meta":{"footnotes":""},"categories":[48],"tags":[],"class_list":["post-6835","post","type-post","status-publish","format-standard","has-post-thumbnail","hentry","category-gedankensplitter","generate-columns","tablet-grid-50","mobile-grid-100","grid-parent","grid-50","resize-featured-image"],"post_mailing_queue_ids":[],"_links":{"self":[{"href":"https:\/\/www.bohnenzeitung.com\/wp\/wp-json\/wp\/v2\/posts\/6835","targetHints":{"allow":["GET"]}}],"collection":[{"href":"https:\/\/www.bohnenzeitung.com\/wp\/wp-json\/wp\/v2\/posts"}],"about":[{"href":"https:\/\/www.bohnenzeitung.com\/wp\/wp-json\/wp\/v2\/types\/post"}],"author":[{"embeddable":true,"href":"https:\/\/www.bohnenzeitung.com\/wp\/wp-json\/wp\/v2\/users\/1"}],"replies":[{"embeddable":true,"href":"https:\/\/www.bohnenzeitung.com\/wp\/wp-json\/wp\/v2\/comments?post=6835"}],"version-history":[{"count":0,"href":"https:\/\/www.bohnenzeitung.com\/wp\/wp-json\/wp\/v2\/posts\/6835\/revisions"}],"wp:featuredmedia":[{"embeddable":true,"href":"https:\/\/www.bohnenzeitung.com\/wp\/wp-json\/wp\/v2\/media\/28639"}],"wp:attachment":[{"href":"https:\/\/www.bohnenzeitung.com\/wp\/wp-json\/wp\/v2\/media?parent=6835"}],"wp:term":[{"taxonomy":"category","embeddable":true,"href":"https:\/\/www.bohnenzeitung.com\/wp\/wp-json\/wp\/v2\/categories?post=6835"},{"taxonomy":"post_tag","embeddable":true,"href":"https:\/\/www.bohnenzeitung.com\/wp\/wp-json\/wp\/v2\/tags?post=6835"}],"curies":[{"name":"wp","href":"https:\/\/api.w.org\/{rel}","templated":true}]}}