{"id":902,"date":"2010-01-18T19:32:11","date_gmt":"2010-01-18T18:32:11","guid":{"rendered":"http:\/\/bohnenzeitung.com\/wp\/?p=902"},"modified":"2018-09-29T10:09:22","modified_gmt":"2018-09-29T08:09:22","slug":"herr-ratzinger-und-die-hutchenspieler","status":"publish","type":"post","link":"https:\/\/www.bohnenzeitung.com\/wp\/herr-ratzinger-und-die-hutchenspieler\/","title":{"rendered":"Herr Ratzinger und die H\u00fctchenspieler"},"content":{"rendered":"<p style=\"text-align: justify;\">Papst Benedikt XVI, der vormalige Kirchenlehrer und oberster Glaubensw\u00e4chter im Vatikan, Herr Joseph Ratzinger aus Marktl am Inn hat, wenn man informierten Kreisen im Petersdom glauben will, ein ganz besonderes Verh\u00e4ltnis zu Randgruppen.<\/p>\n<p style=\"text-align: justify;\">Sind in Kulturen schon seit Altersher Randgruppen meist besonderen Nachstellungen ausgesetzt, hat sich dieser Selbsbeaufgabte und Herrscher des wohl kleinsten Staates auf dem Globus, scheinbar selber dazu berufen, Randgruppen einzugliedern.<\/p>\n<p style=\"text-align: justify;\">Nun gut k\u00f6nnte man meinen und umbl\u00e4ttern, um sich Erquicklicherem als den Sorgen des Papstes zuzuwenden.<\/p>\n<p style=\"text-align: justify;\">Doch aber!<br \/>\nDer Papst wird von nicht weniger als mindestens einer Milliarde, mehr oder weniger glaubenden Gl\u00e4ubigen geachtet und hier muss in fugio glaubensm\u00e4\u00dfig angesetzt werden.<br \/>\nDer Papst gibt nicht wenigen dieser sich Christlich Gebierenden, die Richtlinien einer gottgef\u00e4lligen Lebensweise vor.<\/p>\n<p style=\"text-align: justify;\">Nun gut, k\u00f6nnte man sagen, Papst befiel, wir folgen dir!<br \/>\nDoch der Herr Doktor der Theologie,  Joseph Ratzinger hat anscheinend die gro\u00dfe Schwierigkeit, zu realisieren, wie seine Glaubensgrunds\u00e4tze in der Christlichen und nicht nur in dieser, Welt aufgenommen werden!<\/p>\n<p style=\"text-align: justify;\">Rund um den Papst hat sich, nicht erst seitdem \u201eBILD\u201c titelte \u201eWR SIND PAPST\u201c, eine kleine, verschworene Gemeinschaft von Lobbyisten im Vatikan eingenistet, die da hei\u00dft: Opus Dei, den Legion\u00e4ren Christi, den Petrusbr\u00fcdern und wie nun erkennbar ist, auch den Piusbr\u00fcdern. Halleluja!<\/p>\n<p style=\"text-align: justify;\">In der Osternacht 2008 wurde vom Papst ein zum Christentum konvertierter Muslim getauft!<br \/>\nDer Aufschrei in der Islamischen Welt, ob dieses v\u00f6llig \u00fcberfl\u00fcssigen werbewirksamen Auftritts im Vatikan, wurde von den Lobbyisten, grienenderweise beiseite gewischt.<br \/>\nAn Ann\u00e4herung an andere Religionen, scheint dieser \u201eInteressengemeinschaft In Christi\u201c nicht allzu gelegen sein.<\/p>\n<p style=\"text-align: justify;\">Der Papst hat, Klerikalen in seinem Umfeld nach, sich mit \u201eJasagern und Speichelleckern\u201c umgeben und ihm fehlt einfach das, was seine Vorg\u00e4nger auszuzeichnen schien, \u201eeine gesunde Distanz bei gleichzeitig w\u00e4rmender N\u00e4he\u201c.<\/p>\n<p style=\"text-align: justify;\">Herr Ratzinger also eine Fehlbesetzung, nur ein \u201e\u00dcbergangspapst\u201c wom\u00f6glich?<br \/>\nNein nicht ganz! Denn wenn dem so w\u00e4re, w\u00fcrde ja nicht nur der \u201eUnfehlbare\u201c irren, sondern auch der \u201eGro\u00dfe Meister\u201c himself. Gott m\u00fcsste ja dann einen ganz schweren Fehlgriff einr\u00e4umen.<\/p>\n<p style=\"text-align: justify;\">Dieser Herr Ratzinger, von nun an Benedikt XVI, wurde schon nach l\u00e4cherlichen 26 Stunden Bedenkzeit, vom Konklave im Vatikan zum Sieger gek\u00fcrt und schon allein diese Tatsache sollte zu denken geben.<br \/>\nScheinbar hatte es der Herr im Himmel sehr eilig, das Reformstreben der Vorg\u00e4ngerp\u00e4pste, wieder in geordnete Bahnen zur\u00fcck zu lenken. Gott wusste scheinbar, dass jede Sekunde z\u00e4hlt!<\/p>\n<p style=\"text-align: justify;\">Und hier treten die H\u00fctchenspieler auf den Plan.<\/p>\n<p style=\"text-align: justify;\">Sind es doch diese fahrenden Gesellen, die eine Rechtm\u00e4\u00dfigkeit ihres Auftrittes vorgaukeln und es dabei doch nur auf ihre ganz eigenen Vorteile abgesehen haben. Sie gaukeln vor, der Unvorsichtige k\u00f6nne abr\u00e4umen, aber nur um diesen dann \u201edie Nase zu zeigen\u201c!<\/p>\n<p style=\"text-align: justify;\">Vor einigen Tagen, beruflich in Rom eingeschwebt, wollte ich es mir nicht entgehen lassen, mal bei meinem Bayrischen Landsmann vorbeizuschauen und da sah ich sie!<\/p>\n<p style=\"text-align: justify;\">Mitten auf dem Petersplatz!<\/p>\n<p style=\"text-align: justify;\">Nein nicht die Schweizer Garde, den Opus Dei, die Legion\u00e4re Christi, auch nicht die Pertrusbr\u00fcder und auch Bischof Williams, den L\u00fcgner und seine Piusbr\u00fcder nicht.<\/p>\n<p style=\"text-align: justify;\">Aber die, vermutlich, Rum\u00e4nischen H\u00fctchenspieler!<br \/>\nUnd als ich so dastand und dem Treiben, dem niemand Einhalt gebar, zuschaute, glaubte ich an einem der beinahe zahllosen Fenster im Geb\u00e4ude eine bewegte Gardine zu sehen.<br \/>\nUnd wenn ich mich nicht total irre, war es das Gesicht des Papstes, \u00fcber welches ein Leuchten ging, als er die so emsig ihren Reichtum Mehrenden sah.<\/p>\n<p style=\"text-align: justify;\">Und wenn ich mich auch nicht get\u00e4uscht habe, fl\u00fcsterte der Papst diesen Romaniern sogar zu, dass er sie beneide, so ganz ohne moralische Verpflichtung ihrem Beruf nachgehen zu d\u00fcrfen.<\/p>\n<p style=\"text-align: justify;\">Antoine Susini im M\u00e4rz 2008<\/p>\n","protected":false},"excerpt":{"rendered":"<p>Papst Benedikt XVI, der vormalige Kirchenlehrer und oberster Glaubensw&auml;chter im Vatikan, Herr Joseph Ratzinger aus Marktl am Inn hat, wenn &#8230; <\/p>\n<p class=\"read-more-container\"><a title=\"Herr Ratzinger und die H\u00fctchenspieler\" class=\"read-more button\" href=\"https:\/\/www.bohnenzeitung.com\/wp\/herr-ratzinger-und-die-hutchenspieler\/#more-902\" aria-label=\"Mehr Informationen \u00fcber Herr Ratzinger und die H\u00fctchenspieler\">Weiter<\/a><\/p>\n","protected":false},"author":1,"featured_media":28639,"comment_status":"open","ping_status":"open","sticky":false,"template":"","format":"standard","meta":{"footnotes":""},"categories":[20],"tags":[],"class_list":["post-902","post","type-post","status-publish","format-standard","has-post-thumbnail","hentry","category-tonis-o-ton","generate-columns","tablet-grid-50","mobile-grid-100","grid-parent","grid-50","resize-featured-image"],"post_mailing_queue_ids":[],"_links":{"self":[{"href":"https:\/\/www.bohnenzeitung.com\/wp\/wp-json\/wp\/v2\/posts\/902","targetHints":{"allow":["GET"]}}],"collection":[{"href":"https:\/\/www.bohnenzeitung.com\/wp\/wp-json\/wp\/v2\/posts"}],"about":[{"href":"https:\/\/www.bohnenzeitung.com\/wp\/wp-json\/wp\/v2\/types\/post"}],"author":[{"embeddable":true,"href":"https:\/\/www.bohnenzeitung.com\/wp\/wp-json\/wp\/v2\/users\/1"}],"replies":[{"embeddable":true,"href":"https:\/\/www.bohnenzeitung.com\/wp\/wp-json\/wp\/v2\/comments?post=902"}],"version-history":[{"count":0,"href":"https:\/\/www.bohnenzeitung.com\/wp\/wp-json\/wp\/v2\/posts\/902\/revisions"}],"wp:featuredmedia":[{"embeddable":true,"href":"https:\/\/www.bohnenzeitung.com\/wp\/wp-json\/wp\/v2\/media\/28639"}],"wp:attachment":[{"href":"https:\/\/www.bohnenzeitung.com\/wp\/wp-json\/wp\/v2\/media?parent=902"}],"wp:term":[{"taxonomy":"category","embeddable":true,"href":"https:\/\/www.bohnenzeitung.com\/wp\/wp-json\/wp\/v2\/categories?post=902"},{"taxonomy":"post_tag","embeddable":true,"href":"https:\/\/www.bohnenzeitung.com\/wp\/wp-json\/wp\/v2\/tags?post=902"}],"curies":[{"name":"wp","href":"https:\/\/api.w.org\/{rel}","templated":true}]}}